{"id":987513022,"date":"2024-12-10T18:52:40","date_gmt":"2024-12-10T17:52:40","guid":{"rendered":"https:\/\/dentaladameyespiga.com\/?p=987513022"},"modified":"2026-01-21T10:45:13","modified_gmt":"2026-01-21T09:45:13","slug":"que-es-la-gingivitis-y-la-periodontitis-causas-y-soluciones","status":"publish","type":"post","link":"https:\/\/dentaladameyespiga.com\/que-es-la-gingivitis-y-la-periodontitis-causas-y-soluciones\/","title":{"rendered":"\u00bfQu\u00e9 es la gingivitis y la periodontitis? Causas y soluciones"},"content":{"rendered":"\n[et_pb_section fb_built=\u00bb1&#8243; _builder_version=\u00bb4.27.2&#8243; _module_preset=\u00bbdefault\u00bb custom_padding=\u00bb0px||0px||true|false\u00bb da_disable_devices=\u00bboff|off|off\u00bb global_colors_info=\u00bb{}\u00bb da_is_popup=\u00bboff\u00bb da_exit_intent=\u00bboff\u00bb da_has_close=\u00bbon\u00bb da_alt_close=\u00bboff\u00bb da_dark_close=\u00bboff\u00bb da_not_modal=\u00bbon\u00bb da_is_singular=\u00bboff\u00bb da_with_loader=\u00bboff\u00bb da_has_shadow=\u00bbon\u00bb][et_pb_row _builder_version=\u00bb4.27.0&#8243; _module_preset=\u00bbdefault\u00bb max_width=\u00bb1320px\u00bb custom_padding=\u00bb||0px||false|false\u00bb locked=\u00bboff\u00bb global_colors_info=\u00bb{}\u00bb][et_pb_column type=\u00bb4_4&#8243; _builder_version=\u00bb4.25.2&#8243; _module_preset=\u00bbdefault\u00bb global_colors_info=\u00bb{}\u00bb][et_pb_heading title=\u00bbGingivitis y Periodontitis: Causas y soluciones\u00bb _builder_version=\u00bb4.27.4&#8243; _module_preset=\u00bb7a822d9c-a7d2-4558-84c9-19f256bdcf8b\u00bb title_font=\u00bbBelleza||||||||\u00bb title_text_align=\u00bbcenter\u00bb title_text_color=\u00bb#0F402C\u00bb title_font_size=\u00bb40px\u00bb custom_margin=\u00bb||10px||false|false\u00bb hover_enabled=\u00bb0&#8243; global_colors_info=\u00bb{}\u00bb sticky_enabled=\u00bb0&#8243;][\/et_pb_heading][et_pb_divider color=\u00bb#E8E0D4&#8243; divider_weight=\u00bb3px\u00bb _builder_version=\u00bb4.27.2&#8243; _module_preset=\u00bbdefault\u00bb max_width=\u00bb15%\u00bb module_alignment=\u00bbcenter\u00bb custom_margin=\u00bb||0px||false|false\u00bb custom_padding=\u00bb||0px||false|false\u00bb global_colors_info=\u00bb{}\u00bb][\/et_pb_divider][et_pb_text _builder_version=\u00bb4.27.2&#8243; _module_preset=\u00bbdefault\u00bb text_font=\u00bb&#8211;et_global_body_font|300|on||||||\u00bb text_text_color=\u00bb#0F402C\u00bb text_font_size=\u00bb18px\u00bb text_line_height=\u00bb1.4em\u00bb text_orientation=\u00bbcenter\u00bb global_colors_info=\u00bb{}\u00bb]<p>Cl\u00ednica Dental Adame y Espiga en Rivas-Vaciamadrid (Madrid)<\/p>[\/et_pb_text][\/et_pb_column][\/et_pb_row][et_pb_row _builder_version=\u00bb4.27.2&#8243; _module_preset=\u00bbdefault\u00bb global_colors_info=\u00bb{}\u00bb][et_pb_column type=\u00bb4_4&#8243; _builder_version=\u00bb4.27.2&#8243; _module_preset=\u00bbdefault\u00bb global_colors_info=\u00bb{}\u00bb][et_pb_image src=\u00bbhttps:\/\/dentaladameyespiga.com\/wp-content\/uploads\/2024\/12\/gingivitisproblems.png\u00bb alt=\u00bbuna imagen de una enc\u00eda sana, sin gingivitis\u00bb title_text=\u00bbgingivitisproblems\u00bb align=\u00bbcenter\u00bb _builder_version=\u00bb4.27.4&#8243; _module_preset=\u00bbdefault\u00bb global_colors_info=\u00bb{}\u00bb][\/et_pb_image][\/et_pb_column][\/et_pb_row][\/et_pb_section][et_pb_section fb_built=\u00bb1&#8243; _builder_version=\u00bb4.27.2&#8243; _module_preset=\u00bbdefault\u00bb custom_padding=\u00bb0px||0px||true|false\u00bb da_disable_devices=\u00bboff|off|off\u00bb global_colors_info=\u00bb{}\u00bb da_is_popup=\u00bboff\u00bb da_exit_intent=\u00bboff\u00bb da_has_close=\u00bbon\u00bb da_alt_close=\u00bboff\u00bb da_dark_close=\u00bboff\u00bb da_not_modal=\u00bbon\u00bb da_is_singular=\u00bboff\u00bb da_with_loader=\u00bboff\u00bb da_has_shadow=\u00bbon\u00bb][et_pb_row _builder_version=\u00bb4.27.2&#8243; _module_preset=\u00bbdefault\u00bb global_colors_info=\u00bb{}\u00bb][et_pb_column type=\u00bb4_4&#8243; _builder_version=\u00bb4.27.2&#8243; _module_preset=\u00bbdefault\u00bb global_colors_info=\u00bb{}\u00bb][et_pb_text _builder_version=\u00bb4.27.4&#8243; _module_preset=\u00bbdefault\u00bb text_font=\u00bb&#8211;et_global_body_font||||||||\u00bb text_font_size=\u00bb18px\u00bb text_line_height=\u00bb1.4em\u00bb text_orientation=\u00bbjustified\u00bb global_colors_info=\u00bb{}\u00bb]<div data-breakout=\"normal\">\n<p class=\"XkByg vaqC7 h8LWG WcxKu\" dir=\"auto\" id=\"viewer-8fnbi\">La salud bucal es mucho m\u00e1s que dientes blancos y una sonrisa atractiva. Cuidar nuestras enc\u00edas es esencial para prevenir enfermedades como la <strong>gingivitis<\/strong> y la <strong>periodontitis<\/strong>, dos enfermedades periodontales que pueden comprometer la salud de tu boca y tener consecuencias graves si no se tratan a tiempo.<\/p>\n<\/div>\n<div data-breakout=\"normal\">\n<div class=\"XkByg vaqC7 h8LWG WcxKu\" dir=\"auto\" id=\"viewer-6tti6\"><\/div>\n<\/div>[\/et_pb_text][et_pb_text _builder_version=\u00bb4.27.4&#8243; _module_preset=\u00bbdefault\u00bb text_font=\u00bb&#8211;et_global_body_font||||||||\u00bb text_font_size=\u00bb18px\u00bb text_line_height=\u00bb1.4em\u00bb text_orientation=\u00bbjustified\u00bb global_colors_info=\u00bb{}\u00bb]<div data-breakout=\"normal\">\n<p class=\"XkByg vaqC7 h8LWG WcxKu\" dir=\"auto\" id=\"viewer-8fnbi\"><span class=\"MMRe0\"><span>La <strong>gingivitis<\/strong> y la <strong>periodontitis<\/strong> son problemas comunes, pero que se pueden prevenir. Por eso, el diagn\u00f3stico precoz de la enfermedad periodontal es fundamental para frenar la infecci\u00f3n a tiempo evitando que se produzcan da\u00f1os irreversibles.<\/span><\/span><\/p>\n<\/div>\n<div data-breakout=\"normal\">\n<div class=\"XkByg vaqC7 h8LWG WcxKu\" dir=\"auto\" id=\"viewer-6tti6\"><\/div>\n<\/div>[\/et_pb_text][et_pb_text _builder_version=\u00bb4.27.4&#8243; _module_preset=\u00bbdefault\u00bb text_font=\u00bb&#8211;et_global_body_font|500|||||||\u00bb text_font_size=\u00bb18px\u00bb text_line_height=\u00bb1.4em\u00bb text_orientation=\u00bbjustified\u00bb global_colors_info=\u00bb{}\u00bb]<div data-breakout=\"normal\">\n<p class=\"XkByg vaqC7 h8LWG WcxKu\" dir=\"auto\" id=\"viewer-8fnbi\"><span>\ud835\ude13\ud835\ude22 \ud835\ude1a\ud835\ude30\ud835\ude24\ud835\ude2a\ud835\ude26\ud835\ude25\ud835\ude22\ud835\ude25 \ud835\ude0c\ud835\ude34\ud835\ude31\ud835\ude22\ud835\ude2f\u0303\ud835\ude30\ud835\ude2d\ud835\ude22 \ud835\ude25\ud835\ude26 \ud835\ude17\ud835\ude26\ud835\ude33\ud835\ude2a\ud835\ude30\ud835\ude25\ud835\ude30\ud835\ude2f\ud835\ude24\ud835\ude2a\ud835\ude22 \ud835\ude3a \ud835\ude16\ud835\ude34\ud835\ude35\ud835\ude26\ud835\ude30\ud835\ude2a\ud835\ude2f\ud835\ude35\ud835\ude26\ud835\ude28\ud835\ude33\ud835\ude22\ud835\ude24\ud835\ude2a\ud835\ude30\u0301\ud835\ude2f <span style=\"color: #0f402c;\"><a href=\"https:\/\/sepa.es\/\" style=\"color: #0f402c;\">(\ud835\ude1a\ud835\ude0c\ud835\ude17\ud835\ude08)<\/a> <\/span>\ud835\ude22\ud835\ude34\ud835\ude26\ud835\ude28\ud835\ude36\ud835\ude33\ud835\ude22 \ud835\ude32\ud835\ude36\ud835\ude26 \ud835\udfea \ud835\ude25\ud835\ude26 \ud835\ude24\ud835\ude22\ud835\ude25\ud835\ude22 \ud835\udfe3\ud835\udfe2 \ud835\ude31\ud835\ude26\ud835\ude33\ud835\ude34\ud835\ude30\ud835\ude2f\ud835\ude22\ud835\ude34 \ud835\ude2e\ud835\ude22\ud835\ude3a\ud835\ude30\ud835\ude33\ud835\ude26\ud835\ude34 \ud835\ude25\ud835\ude26 \ud835\udfe5\ud835\udfe7 \ud835\ude22\ud835\ude2f\u0303\ud835\ude30\ud835\ude34 \ud835\ude31\ud835\ude22\ud835\ude25\ud835\ude26\ud835\ude24\ud835\ude26 \ud835\ude28\ud835\ude2a\ud835\ude2f\ud835\ude28\ud835\ude2a\ud835\ude37\ud835\ude2a\ud835\ude35\ud835\ude2a\ud835\ude34 \ud835\ude30 \ud835\ude31\ud835\ude26\ud835\ude33\ud835\ude2a\ud835\ude30\ud835\ude25\ud835\ude30\ud835\ude2f\ud835\ude35\ud835\ude2a\ud835\ude35\ud835\ude2a\ud835\ude34.<\/span><\/p>\n<\/div>\n<div data-breakout=\"normal\">\n<div class=\"XkByg vaqC7 h8LWG WcxKu\" dir=\"auto\" id=\"viewer-6tti6\"><\/div>\n<\/div>[\/et_pb_text][\/et_pb_column][\/et_pb_row][et_pb_row column_structure=\u00bb1_2,1_2&#8243; _builder_version=\u00bb4.27.0&#8243; _module_preset=\u00bbdefault\u00bb locked=\u00bboff\u00bb global_colors_info=\u00bb{}\u00bb][et_pb_column type=\u00bb1_2&#8243; _builder_version=\u00bb4.27.0&#8243; _module_preset=\u00bbdefault\u00bb global_colors_info=\u00bb{}\u00bb][et_pb_button button_url=\u00bbhttps:\/\/web.whatsapp.com\/send?phone=34648057528&#038;text=%C2%A1Hola!%20Me%20gustar%C3%ADa%20pedir%20una%20cita%20para&#8230;\u00bb url_new_window=\u00bbon\u00bb button_text=\u00bbWhatsApp\u00bb button_alignment=\u00bbright\u00bb _builder_version=\u00bb4.27.2&#8243; _module_preset=\u00bbdefault\u00bb custom_button=\u00bbon\u00bb button_text_color=\u00bb#0F402C\u00bb button_bg_color=\u00bbrgba(255,255,255,0.64)\u00bb button_border_color=\u00bb#0F402C\u00bb button_border_radius=\u00bb8px\u00bb button_font=\u00bbBelleza||||||||\u00bb button_icon=\u00bb&#x76;||divi||400&#8243; global_colors_info=\u00bb{}\u00bb][\/et_pb_button][\/et_pb_column][et_pb_column type=\u00bb1_2&#8243; _builder_version=\u00bb4.27.0&#8243; _module_preset=\u00bbdefault\u00bb global_colors_info=\u00bb{}\u00bb][et_pb_button button_url=\u00bb@ET-DC@eyJkeW5hbWljIjp0cnVlLCJjb250ZW50IjoicG9zdF9saW5rX3VybF9wYWdlIiwic2V0dGluZ3MiOnsicG9zdF9pZCI6IjM3MDgwNyJ9fQ==@\u00bb button_text=\u00bbTe llamamos\u00bb button_alignment=\u00bbleft\u00bb _builder_version=\u00bb4.27.2&#8243; _dynamic_attributes=\u00bbbutton_url\u00bb _module_preset=\u00bbdefault\u00bb custom_button=\u00bbon\u00bb button_text_color=\u00bb#0F402C\u00bb button_bg_color=\u00bbrgba(255,255,255,0.64)\u00bb button_border_color=\u00bb#0F402C\u00bb button_border_radius=\u00bb8px\u00bb button_font=\u00bbBelleza||||||||\u00bb button_icon=\u00bb&#xf879;||fa||900&#8243; global_colors_info=\u00bb{}\u00bb][\/et_pb_button][\/et_pb_column][\/et_pb_row][et_pb_row column_structure=\u00bb2_5,3_5&#8243; _builder_version=\u00bb4.27.2&#8243; _module_preset=\u00bbdefault\u00bb custom_padding=\u00bb26px|||||\u00bb global_colors_info=\u00bb{}\u00bb][et_pb_column type=\u00bb2_5&#8243; _builder_version=\u00bb4.27.2&#8243; _module_preset=\u00bbdefault\u00bb global_colors_info=\u00bb{}\u00bb][et_pb_video src=\u00bbhttps:\/\/vimeo.com\/1037891969?share=copy\u00bb _builder_version=\u00bb4.27.4&#8243; _module_preset=\u00bbdefault\u00bb max_width=\u00bb80%\u00bb custom_margin=\u00bb||||false|false\u00bb global_colors_info=\u00bb{}\u00bb][\/et_pb_video][\/et_pb_column][et_pb_column type=\u00bb3_5&#8243; _builder_version=\u00bb4.27.2&#8243; _module_preset=\u00bbdefault\u00bb global_colors_info=\u00bb{}\u00bb][et_pb_text _builder_version=\u00bb4.27.4&#8243; _module_preset=\u00bbdefault\u00bb text_font=\u00bb&#8211;et_global_heading_font||||||||\u00bb text_text_color=\u00bb#0F402C\u00bb text_font_size=\u00bb24px\u00bb text_line_height=\u00bb1.4em\u00bb header_2_text_color=\u00bb#0F402C\u00bb global_colors_info=\u00bb{}\u00bb]<h2><strong>Diferencia entre la Gingivitis y la Periodontitis<\/strong><\/h2>[\/et_pb_text][et_pb_text _builder_version=\u00bb4.27.4&#8243; _module_preset=\u00bbdefault\u00bb text_font=\u00bb&#8211;et_global_body_font||||||||\u00bb text_font_size=\u00bb18px\u00bb text_line_height=\u00bb1.4em\u00bb text_orientation=\u00bbjustified\u00bb global_colors_info=\u00bb{}\u00bb]<p>Aunque las dos son enfermedades de las enc\u00edas, la principal diferencia entre la gingivitis y la periodontitis se encuentra en el grado de gravedad de la enfermedad.<\/p>[\/et_pb_text][et_pb_text _builder_version=\u00bb4.27.4&#8243; _module_preset=\u00bbdefault\u00bb text_font=\u00bb&#8211;et_global_body_font||||||||\u00bb text_font_size=\u00bb18px\u00bb text_line_height=\u00bb1.4em\u00bb text_orientation=\u00bbjustified\u00bb global_colors_info=\u00bb{}\u00bb]<p>Mientras que <strong>la gingivitis es una enfermedad reversible<\/strong> que principalmente afecta a tus enc\u00edas y en la mayor\u00eda de los casos podemos ponerle soluci\u00f3n con una limpieza dental en cl\u00ednica, a la vez que mejoramos la t\u00e9cnica de higiene y h\u00e1bitos del paciente.<\/p>\n<p>&nbsp;<\/p>\n<p>La periodontitis es una enfermedad irreversible que afecta al hueso alveolar y los tejidos del periodonto (conjunto de tejidos que rodea y soporta los dientes). De ah\u00ed, que sea <strong><em>una de las principales causas de p\u00e9rdida dental<\/em><\/strong>.<\/p>[\/et_pb_text][et_pb_text _builder_version=\u00bb4.27.4&#8243; _module_preset=\u00bbdefault\u00bb text_font=\u00bb&#8211;et_global_body_font||||||||\u00bb text_font_size=\u00bb18px\u00bb text_line_height=\u00bb1.4em\u00bb text_orientation=\u00bbjustified\u00bb global_colors_info=\u00bb{}\u00bb]<div data-breakout=\"normal\">\n<p class=\"XkByg vaqC7 h8LWG WcxKu\" dir=\"auto\" id=\"viewer-8fnbi\"><em>Aunque la gingivitis no suele causar dolor, ignorarla puede hacer que progrese hacia una afecci\u00f3n m\u00e1s grave: la periodontitis.<\/em><\/p>\n<\/div>\n<div data-breakout=\"normal\">\n<div class=\"XkByg vaqC7 h8LWG WcxKu\" dir=\"auto\" id=\"viewer-6tti6\"><\/div>\n<\/div>[\/et_pb_text][et_pb_button button_url=\u00bb@ET-DC@eyJkeW5hbWljIjp0cnVlLCJjb250ZW50IjoicG9zdF9saW5rX3VybF9wYWdlIiwic2V0dGluZ3MiOnsicG9zdF9pZCI6IjM3MDgwNyJ9fQ==@\u00bb button_text=\u00bbQuiero pedir cita\u00bb button_alignment=\u00bbcenter\u00bb _builder_version=\u00bb4.27.4&#8243; _dynamic_attributes=\u00bbbutton_url\u00bb _module_preset=\u00bbdefault\u00bb custom_button=\u00bbon\u00bb button_text_color=\u00bb#0F402C\u00bb button_bg_color=\u00bbrgba(255,255,255,0.4)\u00bb button_border_color=\u00bb#0F402C\u00bb button_border_radius=\u00bb8px\u00bb button_font=\u00bbBelleza||||||||\u00bb custom_margin=\u00bb31px|||||\u00bb locked=\u00bboff\u00bb global_colors_info=\u00bb{}\u00bb][\/et_pb_button][\/et_pb_column][\/et_pb_row][et_pb_row _builder_version=\u00bb4.27.2&#8243; _module_preset=\u00bbdefault\u00bb custom_margin=\u00bb0px||0px||true|false\u00bb custom_padding=\u00bb0px||||false|false\u00bb global_colors_info=\u00bb{}\u00bb][et_pb_column type=\u00bb4_4&#8243; _builder_version=\u00bb4.27.2&#8243; _module_preset=\u00bbdefault\u00bb global_colors_info=\u00bb{}\u00bb][\/et_pb_column][\/et_pb_row][et_pb_row _builder_version=\u00bb4.27.2&#8243; _module_preset=\u00bbdefault\u00bb custom_padding=\u00bb26px|||||\u00bb global_colors_info=\u00bb{}\u00bb][et_pb_column type=\u00bb4_4&#8243; _builder_version=\u00bb4.27.2&#8243; _module_preset=\u00bbdefault\u00bb global_colors_info=\u00bb{}\u00bb][et_pb_text _builder_version=\u00bb4.27.4&#8243; _module_preset=\u00bbdefault\u00bb text_font=\u00bb&#8211;et_global_heading_font||||||||\u00bb text_text_color=\u00bb#0F402C\u00bb text_font_size=\u00bb24px\u00bb text_line_height=\u00bb1.4em\u00bb header_2_text_color=\u00bb#0F402C\u00bb global_colors_info=\u00bb{}\u00bb]<h2><strong>\u00bfCu\u00e1les son las causas de la gingivitis y la periodontitis?<\/strong><\/h2>[\/et_pb_text][et_pb_text _builder_version=\u00bb4.27.4&#8243; _module_preset=\u00bbdefault\u00bb text_font=\u00bb&#8211;et_global_body_font||||||||\u00bb text_font_size=\u00bb18px\u00bb text_line_height=\u00bb1.4em\u00bb text_orientation=\u00bbjustified\u00bb global_colors_info=\u00bb{}\u00bb]<div data-breakout=\"normal\">\n<ul>\n<li><strong>Mala higiene bucal<\/strong>: La acumulaci\u00f3n de placa es el principal desencadenante.<\/li>\n<li><strong>Factores gen\u00e9ticos<\/strong>: Algunas personas tienen mayor predisposici\u00f3n de sufrir enfermedades periodontales.<\/li>\n<li><strong>H\u00e1bitos poco saludables<\/strong>: Fumar o una dieta desequilibrada pueden empeorar estas afecciones.<\/li>\n<li><strong>Cambios hormonales<\/strong>: Durante el embarazo, la pubertad o la menopausia, las enc\u00edas pueden volverse m\u00e1s sensibles.<\/li>\n<li><strong>Enfermedades sist\u00e9micas<\/strong>: La diabetes y otras condiciones de salud pueden agravar los problemas de enc\u00edas.<\/li>\n<\/ul>\n<\/div>[\/et_pb_text][\/et_pb_column][\/et_pb_row][et_pb_row _builder_version=\u00bb4.27.2&#8243; _module_preset=\u00bbdefault\u00bb custom_padding=\u00bb26px|||||\u00bb global_colors_info=\u00bb{}\u00bb][et_pb_column type=\u00bb4_4&#8243; _builder_version=\u00bb4.27.2&#8243; _module_preset=\u00bbdefault\u00bb global_colors_info=\u00bb{}\u00bb][et_pb_text _builder_version=\u00bb4.27.4&#8243; _module_preset=\u00bbdefault\u00bb text_font=\u00bb&#8211;et_global_heading_font||||||||\u00bb text_text_color=\u00bb#0F402C\u00bb text_font_size=\u00bb24px\u00bb text_line_height=\u00bb1.4em\u00bb header_2_text_color=\u00bb#0F402C\u00bb header_3_font=\u00bb|600|||||||\u00bb header_3_text_color=\u00bb#0F402C\u00bb header_3_font_size=\u00bb24px\u00bb global_colors_info=\u00bb{}\u00bb]<h3><strong>\u00bfC\u00f3mo puedo saber si tengo gingivitis?<\/strong><\/h3>[\/et_pb_text][et_pb_text _builder_version=\u00bb4.27.4&#8243; _module_preset=\u00bbdefault\u00bb text_font=\u00bb&#8211;et_global_body_font||||||||\u00bb text_font_size=\u00bb18px\u00bb text_line_height=\u00bb1.4em\u00bb text_orientation=\u00bbjustified\u00bb custom_margin=\u00bb||0px||false|false\u00bb global_colors_info=\u00bb{}\u00bb]<div data-breakout=\"normal\">\n<p class=\"XkByg vaqC7 h8LWG WcxKu\" dir=\"auto\"><span>Aunque en muchas ocasiones los primeros s\u00edntomas de la enfermedad periodontal pasan desapercibidos hay algunas<strong> <\/strong><strong>se\u00f1ales que nos pueden avisar<\/strong> que nuestras enc\u00edas necesitan una revisi\u00f3n:<\/span><\/p>\n<ul><\/ul>\n<\/div>[\/et_pb_text][et_pb_text _builder_version=\u00bb4.27.4&#8243; _module_preset=\u00bbdefault\u00bb text_font=\u00bb&#8211;et_global_body_font||||||||\u00bb text_font_size=\u00bb18px\u00bb text_line_height=\u00bb1.4em\u00bb text_orientation=\u00bbjustified\u00bb custom_margin=\u00bb||16px|||\u00bb global_colors_info=\u00bb{}\u00bb]<div data-breakout=\"normal\">\n<div data-breakout=\"normal\">\n<p class=\"Is4xI aaZkV rIsue QMtOy\" dir=\"auto\" id=\"viewer-qt4a\"><span class=\"vsfWl\"><span>1. Sangrado o inflamaci\u00f3n de la enc\u00eda.<\/span><\/span>2. Que la enc\u00eda adquiera un tono p\u00e1lido o blanquecino, rojizo o incluso morado en los casos m\u00e1s graves.<\/p>\n<\/div>\n<div type=\"paragraph\" data-hook=\"rcv-block26\">3. Dolor generalizado en la boca.<\/div>\n<div type=\"paragraph\" data-hook=\"rcv-block27\">4. Recesi\u00f3n Gingival.<\/div>\n<div type=\"paragraph\" data-hook=\"rcv-block28\">5. Sensibilidad dental.<\/div>\n<div type=\"paragraph\" data-hook=\"rcv-block29\">6. Mal aliento o sabor de boca.<\/div>\n<div type=\"paragraph\" data-hook=\"rcv-block30\">7. Movilidad dental en los casos m\u00e1s extremos.<\/div>\n<ul><\/ul>\n<\/div>[\/et_pb_text][et_pb_text _builder_version=\u00bb4.27.4&#8243; _module_preset=\u00bbdefault\u00bb text_font=\u00bb&#8211;et_global_body_font||||||||\u00bb text_font_size=\u00bb18px\u00bb text_line_height=\u00bb1.4em\u00bb text_orientation=\u00bbjustified\u00bb custom_margin=\u00bb||||true|true\u00bb custom_padding=\u00bb20px|10px|0px|10px|false|true\u00bb box_shadow_style=\u00bbpreset1&#8243; global_colors_info=\u00bb{}\u00bb]<div data-breakout=\"normal\">\n<div data-breakout=\"normal\">\n<p class=\"Is4xI aaZkV rIsue QMtOy\" dir=\"auto\" id=\"viewer-qt4a\"><span style=\"color: #0f402c;\"><strong>INFORMACI\u00d3N IMPORTANTE PARA FUMADORES<\/strong><\/span><\/p>\n<p class=\"Is4xI aaZkV rIsue QMtOy\" dir=\"auto\"><span>Si eres fumador es importante que sepas que la nicotina restringe el flujo sangu\u00edneo hacia las enc\u00edas y esto puede evitar que sangren y parezcan menos inflamadas, enmascarando los primeros s\u00edntomas de enfermedad periodontal.<\/span><\/p>\n<\/div>\n<ul><\/ul>\n<\/div>[\/et_pb_text][\/et_pb_column][\/et_pb_row][et_pb_row _builder_version=\u00bb4.27.4&#8243; _module_preset=\u00bbdefault\u00bb global_colors_info=\u00bb{}\u00bb][et_pb_column type=\u00bb4_4&#8243; _builder_version=\u00bb4.27.4&#8243; _module_preset=\u00bbdefault\u00bb global_colors_info=\u00bb{}\u00bb][et_pb_image src=\u00bbhttps:\/\/dentaladameyespiga.com\/wp-content\/uploads\/2024\/12\/Enfermedad-periodontal.png\u00bb alt=\u00bbuna imagen de las diferentes etapas de la Enfermedad periodontal\u00bb title_text=\u00bbEnfermedad-periodontal\u00bb _builder_version=\u00bb4.27.4&#8243; _module_preset=\u00bbdefault\u00bb max_width=\u00bb70%\u00bb global_colors_info=\u00bb{}\u00bb][\/et_pb_image][\/et_pb_column][\/et_pb_row][et_pb_row _builder_version=\u00bb4.27.2&#8243; _module_preset=\u00bbdefault\u00bb custom_padding=\u00bb0px||0px||true|false\u00bb global_colors_info=\u00bb{}\u00bb][et_pb_column type=\u00bb4_4&#8243; _builder_version=\u00bb4.27.2&#8243; _module_preset=\u00bbdefault\u00bb global_colors_info=\u00bb{}\u00bb][et_pb_text _builder_version=\u00bb4.27.4&#8243; _module_preset=\u00bbdefault\u00bb text_font=\u00bb&#8211;et_global_heading_font||||||||\u00bb text_text_color=\u00bb#0F402C\u00bb text_font_size=\u00bb24px\u00bb text_line_height=\u00bb1.4em\u00bb header_2_text_color=\u00bb#0F402C\u00bb header_3_font=\u00bb|600|||||||\u00bb header_3_text_color=\u00bb#0F402C\u00bb header_3_font_size=\u00bb24px\u00bb custom_margin=\u00bb||6px|||\u00bb global_colors_info=\u00bb{}\u00bb]<h3>\u00bfC\u00f3mo se trata la Gingivitis y la Periodontitis?<\/h3>[\/et_pb_text][et_pb_text _builder_version=\u00bb4.27.4&#8243; _module_preset=\u00bbdefault\u00bb text_font=\u00bb&#8211;et_global_body_font||||||||\u00bb text_font_size=\u00bb18px\u00bb text_line_height=\u00bb1.4em\u00bb text_orientation=\u00bbjustified\u00bb custom_margin=\u00bb0px||0px||true|false\u00bb custom_padding=\u00bb0px||0px||true|false\u00bb global_colors_info=\u00bb{}\u00bb]<div data-breakout=\"normal\">\n<ul><\/ul>\n<p><span style=\"color: #0f402c;\"><strong>Gingivitis<\/strong>:<\/span><\/p>\n<ul>\n<li><strong>Mejora de la higiene oral<\/strong>: Realizar una correcta t\u00e9cnica de cepillado, usar hilo dental y enjuague bucal.<\/li>\n<li><strong>Limpieza profesional<\/strong>: Eliminar la placa y el sarro acumulados con una limpieza dental profesional en la Cl\u00ednica Dental Adame y Espiga en Rivas VaciaMadrid.<\/li>\n<\/ul>\n<\/div>[\/et_pb_text][et_pb_text _builder_version=\u00bb4.27.4&#8243; _module_preset=\u00bbdefault\u00bb text_font=\u00bb&#8211;et_global_body_font||||||||\u00bb text_font_size=\u00bb18px\u00bb text_line_height=\u00bb1.4em\u00bb text_orientation=\u00bbjustified\u00bb custom_margin=\u00bb0px||0px||true|false\u00bb custom_padding=\u00bb0px||0px||true|false\u00bb global_colors_info=\u00bb{}\u00bb]<p><span style=\"color: #0f402c;\"><strong>Periodontitis<\/strong>:<\/span><\/p>\n<ul>\n<li><strong>Curetaje o raspado y alisado radicular<\/strong>: Limpieza profunda para eliminar bacterias debajo de las enc\u00edas.<\/li>\n<li><strong>Cirug\u00eda periodontal<\/strong>: En casos avanzados, puede ser necesario un procedimiento quir\u00fargico para reducir bolsas periodontales o regenerar tejidos perdidos.<\/li>\n<li><strong>Mantenimiento peri\u00f3dico<\/strong>: Visitas regulares al dentista para evitar reca\u00eddas.<\/li>\n<\/ul>[\/et_pb_text][\/et_pb_column][\/et_pb_row][et_pb_row _builder_version=\u00bb4.27.2&#8243; _module_preset=\u00bbdefault\u00bb custom_margin=\u00bb|auto|35px|auto||\u00bb custom_padding=\u00bb0px||0px||true|false\u00bb global_colors_info=\u00bb{}\u00bb][et_pb_column type=\u00bb4_4&#8243; _builder_version=\u00bb4.27.2&#8243; _module_preset=\u00bbdefault\u00bb global_colors_info=\u00bb{}\u00bb][et_pb_text _builder_version=\u00bb4.27.4&#8243; _module_preset=\u00bbdefault\u00bb text_font=\u00bb&#8211;et_global_heading_font||||||||\u00bb text_text_color=\u00bb#0F402C\u00bb text_font_size=\u00bb24px\u00bb text_line_height=\u00bb1.4em\u00bb header_2_text_color=\u00bb#0F402C\u00bb header_3_font=\u00bb|600|||||||\u00bb header_3_text_color=\u00bb#0F402C\u00bb header_3_font_size=\u00bb24px\u00bb header_4_font=\u00bb|700|||||||\u00bb header_4_text_color=\u00bb#0F402C\u00bb header_4_font_size=\u00bb24px\u00bb custom_margin=\u00bb||6px|||\u00bb global_colors_info=\u00bb{}\u00bb]<h4><span>5 Consejos para mantener tus enc\u00edas en buen estado <\/span><\/h4>[\/et_pb_text][et_pb_text _builder_version=\u00bb4.27.4&#8243; _module_preset=\u00bbdefault\u00bb text_font=\u00bb&#8211;et_global_body_font||||||||\u00bb text_font_size=\u00bb18px\u00bb text_line_height=\u00bb1.4em\u00bb text_orientation=\u00bbjustified\u00bb custom_margin=\u00bb0px||0px||true|false\u00bb custom_padding=\u00bb0px||0px||true|false\u00bb global_colors_info=\u00bb{}\u00bb]<div data-breakout=\"normal\">\n<ul><\/ul>\n<div data-breakout=\"normal\">\n<p class=\"Is4xI aaZkV rIsue QMtOy\" dir=\"auto\" id=\"viewer-bmpf2\"><span class=\"vsfWl\"><strong><span>1. Renuncia al tabaco:<\/span><\/strong><span> uno de los enemigos n\u00famero uno de tu salud bucodental. En pacientes fumadores, las enc\u00edas reciben un menor aporte sangu\u00edneo y de oxigeno, a la vez que bajan las defensas contra las bacterias.<\/span><\/span><\/p>\n<\/div>\n<div type=\"paragraph\" data-hook=\"rcv-block52\"><\/div>\n<div data-breakout=\"normal\">\n<p class=\"Is4xI aaZkV rIsue QMtOy\" dir=\"auto\" id=\"viewer-fn1m8\"><span class=\"vsfWl\"><strong><span>2. Reduce el consumo de alcohol:<\/span><\/strong><span> El abuso de alcohol esta relacionado directamente con los problemas periodontales ya que reseca la mucosa de la boca y por lo tanto la debilita. Tambi\u00e9n es uno de los principales factores que aumenta el riesgo de c\u00e1ncer oral.<\/span><\/span><\/p>\n<\/div>\n<div type=\"paragraph\" data-hook=\"rcv-block53\"><\/div>\n<div data-breakout=\"normal\">\n<p class=\"Is4xI aaZkV rIsue QMtOy\" dir=\"auto\" id=\"viewer-el4u1\"><span class=\"vsfWl\"><strong><span>3. Mant\u00e9n una dieta equilibrada<\/span><\/strong><strong><span>:<\/span><\/strong><span> Mantener una buena alimentaci\u00f3n rica en frutas y verduras, es clave para mantener una sonrisa sana. Un deficit de vitamina B12 te hace m\u00e1s propenso a padecer enfermedades de las enc\u00edas, como la periodontitis y la gingivitis.<\/span><\/span><\/p>\n<\/div>\n<div type=\"paragraph\" data-hook=\"rcv-block54\"><\/div>\n<div data-breakout=\"normal\">\n<p class=\"Is4xI aaZkV rIsue QMtOy\" dir=\"auto\" id=\"viewer-ahgi1\"><span class=\"vsfWl\"><strong><span>4. Llevar un estilo de vida saludable:<\/span><\/strong><span> Hacer deporte disminuye el riesgo de presentar factores inflamatorios en las enc\u00edas.<\/span><\/span><\/p>\n<\/div>\n<div type=\"paragraph\" data-hook=\"rcv-block55\"><\/div>\n<div data-breakout=\"normal\">\n<p class=\"Is4xI aaZkV rIsue QMtOy\" dir=\"auto\" id=\"viewer-80ntb\"><span class=\"vsfWl\"><strong><span>5. No descuides tu higiene dental:<\/span><\/strong><span> Una de las principales causas por la que aparece la gingivitis es no mantener una correcta higiene dental diaria. Dedica el tiempo suficiente al cepillado (m\u00ednimo 2 minutos) y no te olvides de limpiar la lengua, ni de la limpieza interdental. <\/span><strong><em><span>El cepillo de dientes solo limpia un 60% de la superficie dental.<\/span><\/em><\/strong><\/span><\/p>\n<\/div>\n<\/div>[\/et_pb_text][\/et_pb_column][\/et_pb_row][\/et_pb_section][et_pb_section fb_built=\u00bb1&#8243; _builder_version=\u00bb4.27.2&#8243; _module_preset=\u00bbdefault\u00bb custom_padding=\u00bb0px||34px||false|false\u00bb da_disable_devices=\u00bboff|off|off\u00bb global_colors_info=\u00bb{}\u00bb da_is_popup=\u00bboff\u00bb da_exit_intent=\u00bboff\u00bb da_has_close=\u00bbon\u00bb da_alt_close=\u00bboff\u00bb da_dark_close=\u00bboff\u00bb da_not_modal=\u00bbon\u00bb da_is_singular=\u00bboff\u00bb da_with_loader=\u00bboff\u00bb da_has_shadow=\u00bbon\u00bb][et_pb_row _builder_version=\u00bb4.27.2&#8243; _module_preset=\u00bbdefault\u00bb custom_padding=\u00bb0px||0px||true|false\u00bb global_colors_info=\u00bb{}\u00bb][et_pb_column type=\u00bb4_4&#8243; _builder_version=\u00bb4.27.2&#8243; _module_preset=\u00bbdefault\u00bb global_colors_info=\u00bb{}\u00bb][et_pb_text _builder_version=\u00bb4.27.4&#8243; _module_preset=\u00bbdefault\u00bb text_font=\u00bb&#8211;et_global_body_font||||||||\u00bb text_font_size=\u00bb18px\u00bb text_line_height=\u00bb1.4em\u00bb text_orientation=\u00bbjustified\u00bb global_colors_info=\u00bb{}\u00bb]<p>En<span style=\"color: #0f402c;\"><strong><a href=\"https:\/\/dentaladameyespiga.com\/\" style=\"color: #0f402c;\"> Cl\u00ednica Dental Adame y Espiga<\/a> <\/strong><\/span>situada en Rivas Vaciamadrid, podemos ayudarte a manter la salud de tus enc\u00edas en buen estado.<\/p>[\/et_pb_text][et_pb_button button_url=\u00bb@ET-DC@eyJkeW5hbWljIjp0cnVlLCJjb250ZW50IjoicG9zdF9saW5rX3VybF9wYWdlIiwic2V0dGluZ3MiOnsicG9zdF9pZCI6IjM3MDgwNyJ9fQ==@\u00bb button_text=\u00bbValoraci\u00f3n Gratuita\u00bb button_alignment=\u00bbcenter\u00bb _builder_version=\u00bb4.27.4&#8243; _dynamic_attributes=\u00bbbutton_url\u00bb _module_preset=\u00bbdefault\u00bb custom_button=\u00bbon\u00bb button_text_color=\u00bb#0F402C\u00bb button_bg_color=\u00bbrgba(255,255,255,0.4)\u00bb button_border_color=\u00bb#0F402C\u00bb button_border_radius=\u00bb8px\u00bb button_font=\u00bbBelleza||||||||\u00bb custom_margin=\u00bb31px|||||\u00bb locked=\u00bboff\u00bb global_colors_info=\u00bb{}\u00bb][\/et_pb_button][\/et_pb_column][\/et_pb_row][\/et_pb_section]\n","protected":false},"excerpt":{"rendered":"<p>Cl\u00ednica Dental Adame y Espiga en Rivas-Vaciamadrid (Madrid) La salud bucal es mucho m\u00e1s que dientes blancos y una sonrisa atractiva. Cuidar nuestras enc\u00edas es esencial para prevenir enfermedades como la gingivitis y la periodontitis, dos enfermedades periodontales que pueden comprometer la salud de tu boca y tener consecuencias graves si no se tratan a [&hellip;]<\/p>\n","protected":false},"author":1,"featured_media":987513029,"comment_status":"open","ping_status":"open","sticky":false,"template":"","format":"standard","meta":{"_et_pb_use_builder":"on","_et_pb_old_content":"","_et_gb_content_width":"1080","footnotes":""},"categories":[10],"tags":[],"class_list":["post-987513022","post","type-post","status-publish","format-standard","has-post-thumbnail","hentry","category-salud-de-las-encias"],"yoast_head":"<!-- This site is optimized with the Yoast SEO plugin v27.5 - https:\/\/yoast.com\/product\/yoast-seo-wordpress\/ -->\n<title>Diferencias entre Gingivitis y Periodontitis | Tratamiento de Enc\u00edas en Rivas<\/title>\n<meta name=\"description\" content=\"\u00bfTe sangran las enc\u00edas al cepillarte? No lo ignores. Te explicamos la diferencia entre gingivitis y periodontitis y c\u00f3mo tratamos la enfermedad de las enc\u00edas para evitar que pierdas dientes.\" \/>\n<meta name=\"robots\" content=\"index, follow, max-snippet:-1, max-image-preview:large, max-video-preview:-1\" \/>\n<link rel=\"canonical\" href=\"https:\/\/dentaladameyespiga.com\/que-es-la-gingivitis-y-la-periodontitis-causas-y-soluciones\/\" \/>\n<meta property=\"og:locale\" content=\"es_ES\" \/>\n<meta property=\"og:type\" content=\"article\" \/>\n<meta property=\"og:title\" content=\"Diferencias entre Gingivitis y Periodontitis | Tratamiento de Enc\u00edas en Rivas\" \/>\n<meta property=\"og:description\" content=\"\u00bfTe sangran las enc\u00edas al cepillarte? No lo ignores. Te explicamos la diferencia entre gingivitis y periodontitis y c\u00f3mo tratamos la enfermedad de las enc\u00edas para evitar que pierdas dientes.\" \/>\n<meta property=\"og:url\" content=\"https:\/\/dentaladameyespiga.com\/que-es-la-gingivitis-y-la-periodontitis-causas-y-soluciones\/\" \/>\n<meta property=\"og:site_name\" content=\"Cl\u00ednica Adame y Espiga\" \/>\n<meta property=\"article:publisher\" content=\"https:\/\/www.facebook.com\/dentaladameyespiga\/\" \/>\n<meta property=\"article:published_time\" content=\"2024-12-10T17:52:40+00:00\" \/>\n<meta property=\"article:modified_time\" content=\"2026-01-21T09:45:13+00:00\" \/>\n<meta property=\"og:image\" content=\"https:\/\/dentaladameyespiga.com\/wp-content\/uploads\/2024\/12\/gingivitisproblems.png\" \/>\n\t<meta property=\"og:image:width\" content=\"600\" \/>\n\t<meta property=\"og:image:height\" content=\"400\" \/>\n\t<meta property=\"og:image:type\" content=\"image\/png\" \/>\n<meta name=\"author\" content=\"admin\" \/>\n<meta name=\"twitter:card\" content=\"summary_large_image\" \/>\n<meta name=\"twitter:label1\" content=\"Escrito por\" \/>\n\t<meta name=\"twitter:data1\" content=\"admin\" \/>\n\t<meta name=\"twitter:label2\" content=\"Tiempo de lectura\" \/>\n\t<meta name=\"twitter:data2\" content=\"5 minutos\" \/>\n<script type=\"application\/ld+json\" class=\"yoast-schema-graph\">{\"@context\":\"https:\\\/\\\/schema.org\",\"@graph\":[{\"@type\":\"Article\",\"@id\":\"https:\\\/\\\/dentaladameyespiga.com\\\/que-es-la-gingivitis-y-la-periodontitis-causas-y-soluciones\\\/#article\",\"isPartOf\":{\"@id\":\"https:\\\/\\\/dentaladameyespiga.com\\\/que-es-la-gingivitis-y-la-periodontitis-causas-y-soluciones\\\/\"},\"author\":{\"name\":\"admin\",\"@id\":\"https:\\\/\\\/dentaladameyespiga.com\\\/#\\\/schema\\\/person\\\/c8b98512e2b6dea4ff70980be873271e\"},\"headline\":\"\u00bfQu\u00e9 es la gingivitis y la periodontitis? Causas y soluciones\",\"datePublished\":\"2024-12-10T17:52:40+00:00\",\"dateModified\":\"2026-01-21T09:45:13+00:00\",\"mainEntityOfPage\":{\"@id\":\"https:\\\/\\\/dentaladameyespiga.com\\\/que-es-la-gingivitis-y-la-periodontitis-causas-y-soluciones\\\/\"},\"wordCount\":2700,\"commentCount\":0,\"publisher\":{\"@id\":\"https:\\\/\\\/dentaladameyespiga.com\\\/#organization\"},\"image\":{\"@id\":\"https:\\\/\\\/dentaladameyespiga.com\\\/que-es-la-gingivitis-y-la-periodontitis-causas-y-soluciones\\\/#primaryimage\"},\"thumbnailUrl\":\"https:\\\/\\\/dentaladameyespiga.com\\\/wp-content\\\/uploads\\\/2024\\\/12\\\/gingivitisproblems.png\",\"articleSection\":[\"Salud de las enc\u00edas\"],\"inLanguage\":\"es\",\"potentialAction\":[{\"@type\":\"CommentAction\",\"name\":\"Comment\",\"target\":[\"https:\\\/\\\/dentaladameyespiga.com\\\/que-es-la-gingivitis-y-la-periodontitis-causas-y-soluciones\\\/#respond\"]}]},{\"@type\":\"WebPage\",\"@id\":\"https:\\\/\\\/dentaladameyespiga.com\\\/que-es-la-gingivitis-y-la-periodontitis-causas-y-soluciones\\\/\",\"url\":\"https:\\\/\\\/dentaladameyespiga.com\\\/que-es-la-gingivitis-y-la-periodontitis-causas-y-soluciones\\\/\",\"name\":\"Diferencias entre Gingivitis y Periodontitis | Tratamiento de Enc\u00edas en Rivas\",\"isPartOf\":{\"@id\":\"https:\\\/\\\/dentaladameyespiga.com\\\/#website\"},\"primaryImageOfPage\":{\"@id\":\"https:\\\/\\\/dentaladameyespiga.com\\\/que-es-la-gingivitis-y-la-periodontitis-causas-y-soluciones\\\/#primaryimage\"},\"image\":{\"@id\":\"https:\\\/\\\/dentaladameyespiga.com\\\/que-es-la-gingivitis-y-la-periodontitis-causas-y-soluciones\\\/#primaryimage\"},\"thumbnailUrl\":\"https:\\\/\\\/dentaladameyespiga.com\\\/wp-content\\\/uploads\\\/2024\\\/12\\\/gingivitisproblems.png\",\"datePublished\":\"2024-12-10T17:52:40+00:00\",\"dateModified\":\"2026-01-21T09:45:13+00:00\",\"description\":\"\u00bfTe sangran las enc\u00edas al cepillarte? No lo ignores. Te explicamos la diferencia entre gingivitis y periodontitis y c\u00f3mo tratamos la enfermedad de las enc\u00edas para evitar que pierdas dientes.\",\"breadcrumb\":{\"@id\":\"https:\\\/\\\/dentaladameyespiga.com\\\/que-es-la-gingivitis-y-la-periodontitis-causas-y-soluciones\\\/#breadcrumb\"},\"inLanguage\":\"es\",\"potentialAction\":[{\"@type\":\"ReadAction\",\"target\":[\"https:\\\/\\\/dentaladameyespiga.com\\\/que-es-la-gingivitis-y-la-periodontitis-causas-y-soluciones\\\/\"]}]},{\"@type\":\"ImageObject\",\"inLanguage\":\"es\",\"@id\":\"https:\\\/\\\/dentaladameyespiga.com\\\/que-es-la-gingivitis-y-la-periodontitis-causas-y-soluciones\\\/#primaryimage\",\"url\":\"https:\\\/\\\/dentaladameyespiga.com\\\/wp-content\\\/uploads\\\/2024\\\/12\\\/gingivitisproblems.png\",\"contentUrl\":\"https:\\\/\\\/dentaladameyespiga.com\\\/wp-content\\\/uploads\\\/2024\\\/12\\\/gingivitisproblems.png\",\"width\":600,\"height\":400,\"caption\":\"gingivitis problems\"},{\"@type\":\"BreadcrumbList\",\"@id\":\"https:\\\/\\\/dentaladameyespiga.com\\\/que-es-la-gingivitis-y-la-periodontitis-causas-y-soluciones\\\/#breadcrumb\",\"itemListElement\":[{\"@type\":\"ListItem\",\"position\":1,\"name\":\"Portada\",\"item\":\"https:\\\/\\\/dentaladameyespiga.com\\\/\"},{\"@type\":\"ListItem\",\"position\":2,\"name\":\"\u00bfQu\u00e9 es la gingivitis y la periodontitis? Causas y soluciones\"}]},{\"@type\":\"WebSite\",\"@id\":\"https:\\\/\\\/dentaladameyespiga.com\\\/#website\",\"url\":\"https:\\\/\\\/dentaladameyespiga.com\\\/\",\"name\":\"Cl\u00ednica Dental Adame y Espiga\",\"description\":\"Tu Cl\u00ednica Dental en Rivas-Vaciamadrid\",\"publisher\":{\"@id\":\"https:\\\/\\\/dentaladameyespiga.com\\\/#organization\"},\"potentialAction\":[{\"@type\":\"SearchAction\",\"target\":{\"@type\":\"EntryPoint\",\"urlTemplate\":\"https:\\\/\\\/dentaladameyespiga.com\\\/?s={search_term_string}\"},\"query-input\":{\"@type\":\"PropertyValueSpecification\",\"valueRequired\":true,\"valueName\":\"search_term_string\"}}],\"inLanguage\":\"es\"},{\"@type\":\"Organization\",\"@id\":\"https:\\\/\\\/dentaladameyespiga.com\\\/#organization\",\"name\":\"Cl\u00ednica Dental Adame y Espiga\",\"alternateName\":\"Dental Adame y Espiga\",\"url\":\"https:\\\/\\\/dentaladameyespiga.com\\\/\",\"logo\":{\"@type\":\"ImageObject\",\"inLanguage\":\"es\",\"@id\":\"https:\\\/\\\/dentaladameyespiga.com\\\/#\\\/schema\\\/logo\\\/image\\\/\",\"url\":\"https:\\\/\\\/dentaladameyespiga.com\\\/wp-content\\\/uploads\\\/2024\\\/09\\\/Sin-titulo-500-x-250-px.png\",\"contentUrl\":\"https:\\\/\\\/dentaladameyespiga.com\\\/wp-content\\\/uploads\\\/2024\\\/09\\\/Sin-titulo-500-x-250-px.png\",\"width\":500,\"height\":250,\"caption\":\"Cl\u00ednica Dental Adame y Espiga\"},\"image\":{\"@id\":\"https:\\\/\\\/dentaladameyespiga.com\\\/#\\\/schema\\\/logo\\\/image\\\/\"},\"sameAs\":[\"https:\\\/\\\/www.facebook.com\\\/dentaladameyespiga\\\/\",\"https:\\\/\\\/www.instagram.com\\\/dentaladameyespiga\\\/\"]},{\"@type\":\"Person\",\"@id\":\"https:\\\/\\\/dentaladameyespiga.com\\\/#\\\/schema\\\/person\\\/c8b98512e2b6dea4ff70980be873271e\",\"name\":\"admin\",\"image\":{\"@type\":\"ImageObject\",\"inLanguage\":\"es\",\"@id\":\"https:\\\/\\\/secure.gravatar.com\\\/avatar\\\/1d53d8656844751f3a31de1dd0cf0907279d4db72111ddedeb490f6e0ee3a5a0?s=96&d=mm&r=g\",\"url\":\"https:\\\/\\\/secure.gravatar.com\\\/avatar\\\/1d53d8656844751f3a31de1dd0cf0907279d4db72111ddedeb490f6e0ee3a5a0?s=96&d=mm&r=g\",\"contentUrl\":\"https:\\\/\\\/secure.gravatar.com\\\/avatar\\\/1d53d8656844751f3a31de1dd0cf0907279d4db72111ddedeb490f6e0ee3a5a0?s=96&d=mm&r=g\",\"caption\":\"admin\"},\"sameAs\":[\"https:\\\/\\\/dentaladameyespiga.com\"]}]}<\/script>\n<!-- \/ Yoast SEO plugin. -->","yoast_head_json":{"title":"Diferencias entre Gingivitis y Periodontitis | Tratamiento de Enc\u00edas en Rivas","description":"\u00bfTe sangran las enc\u00edas al cepillarte? No lo ignores. Te explicamos la diferencia entre gingivitis y periodontitis y c\u00f3mo tratamos la enfermedad de las enc\u00edas para evitar que pierdas dientes.","robots":{"index":"index","follow":"follow","max-snippet":"max-snippet:-1","max-image-preview":"max-image-preview:large","max-video-preview":"max-video-preview:-1"},"canonical":"https:\/\/dentaladameyespiga.com\/que-es-la-gingivitis-y-la-periodontitis-causas-y-soluciones\/","og_locale":"es_ES","og_type":"article","og_title":"Diferencias entre Gingivitis y Periodontitis | Tratamiento de Enc\u00edas en Rivas","og_description":"\u00bfTe sangran las enc\u00edas al cepillarte? No lo ignores. Te explicamos la diferencia entre gingivitis y periodontitis y c\u00f3mo tratamos la enfermedad de las enc\u00edas para evitar que pierdas dientes.","og_url":"https:\/\/dentaladameyespiga.com\/que-es-la-gingivitis-y-la-periodontitis-causas-y-soluciones\/","og_site_name":"Cl\u00ednica Adame y Espiga","article_publisher":"https:\/\/www.facebook.com\/dentaladameyespiga\/","article_published_time":"2024-12-10T17:52:40+00:00","article_modified_time":"2026-01-21T09:45:13+00:00","og_image":[{"width":600,"height":400,"url":"https:\/\/dentaladameyespiga.com\/wp-content\/uploads\/2024\/12\/gingivitisproblems.png","type":"image\/png"}],"author":"admin","twitter_card":"summary_large_image","twitter_misc":{"Escrito por":"admin","Tiempo de lectura":"5 minutos"},"schema":{"@context":"https:\/\/schema.org","@graph":[{"@type":"Article","@id":"https:\/\/dentaladameyespiga.com\/que-es-la-gingivitis-y-la-periodontitis-causas-y-soluciones\/#article","isPartOf":{"@id":"https:\/\/dentaladameyespiga.com\/que-es-la-gingivitis-y-la-periodontitis-causas-y-soluciones\/"},"author":{"name":"admin","@id":"https:\/\/dentaladameyespiga.com\/#\/schema\/person\/c8b98512e2b6dea4ff70980be873271e"},"headline":"\u00bfQu\u00e9 es la gingivitis y la periodontitis? Causas y soluciones","datePublished":"2024-12-10T17:52:40+00:00","dateModified":"2026-01-21T09:45:13+00:00","mainEntityOfPage":{"@id":"https:\/\/dentaladameyespiga.com\/que-es-la-gingivitis-y-la-periodontitis-causas-y-soluciones\/"},"wordCount":2700,"commentCount":0,"publisher":{"@id":"https:\/\/dentaladameyespiga.com\/#organization"},"image":{"@id":"https:\/\/dentaladameyespiga.com\/que-es-la-gingivitis-y-la-periodontitis-causas-y-soluciones\/#primaryimage"},"thumbnailUrl":"https:\/\/dentaladameyespiga.com\/wp-content\/uploads\/2024\/12\/gingivitisproblems.png","articleSection":["Salud de las enc\u00edas"],"inLanguage":"es","potentialAction":[{"@type":"CommentAction","name":"Comment","target":["https:\/\/dentaladameyespiga.com\/que-es-la-gingivitis-y-la-periodontitis-causas-y-soluciones\/#respond"]}]},{"@type":"WebPage","@id":"https:\/\/dentaladameyespiga.com\/que-es-la-gingivitis-y-la-periodontitis-causas-y-soluciones\/","url":"https:\/\/dentaladameyespiga.com\/que-es-la-gingivitis-y-la-periodontitis-causas-y-soluciones\/","name":"Diferencias entre Gingivitis y Periodontitis | Tratamiento de Enc\u00edas en Rivas","isPartOf":{"@id":"https:\/\/dentaladameyespiga.com\/#website"},"primaryImageOfPage":{"@id":"https:\/\/dentaladameyespiga.com\/que-es-la-gingivitis-y-la-periodontitis-causas-y-soluciones\/#primaryimage"},"image":{"@id":"https:\/\/dentaladameyespiga.com\/que-es-la-gingivitis-y-la-periodontitis-causas-y-soluciones\/#primaryimage"},"thumbnailUrl":"https:\/\/dentaladameyespiga.com\/wp-content\/uploads\/2024\/12\/gingivitisproblems.png","datePublished":"2024-12-10T17:52:40+00:00","dateModified":"2026-01-21T09:45:13+00:00","description":"\u00bfTe sangran las enc\u00edas al cepillarte? No lo ignores. Te explicamos la diferencia entre gingivitis y periodontitis y c\u00f3mo tratamos la enfermedad de las enc\u00edas para evitar que pierdas dientes.","breadcrumb":{"@id":"https:\/\/dentaladameyespiga.com\/que-es-la-gingivitis-y-la-periodontitis-causas-y-soluciones\/#breadcrumb"},"inLanguage":"es","potentialAction":[{"@type":"ReadAction","target":["https:\/\/dentaladameyespiga.com\/que-es-la-gingivitis-y-la-periodontitis-causas-y-soluciones\/"]}]},{"@type":"ImageObject","inLanguage":"es","@id":"https:\/\/dentaladameyespiga.com\/que-es-la-gingivitis-y-la-periodontitis-causas-y-soluciones\/#primaryimage","url":"https:\/\/dentaladameyespiga.com\/wp-content\/uploads\/2024\/12\/gingivitisproblems.png","contentUrl":"https:\/\/dentaladameyespiga.com\/wp-content\/uploads\/2024\/12\/gingivitisproblems.png","width":600,"height":400,"caption":"gingivitis problems"},{"@type":"BreadcrumbList","@id":"https:\/\/dentaladameyespiga.com\/que-es-la-gingivitis-y-la-periodontitis-causas-y-soluciones\/#breadcrumb","itemListElement":[{"@type":"ListItem","position":1,"name":"Portada","item":"https:\/\/dentaladameyespiga.com\/"},{"@type":"ListItem","position":2,"name":"\u00bfQu\u00e9 es la gingivitis y la periodontitis? Causas y soluciones"}]},{"@type":"WebSite","@id":"https:\/\/dentaladameyespiga.com\/#website","url":"https:\/\/dentaladameyespiga.com\/","name":"Cl\u00ednica Dental Adame y Espiga","description":"Tu Cl\u00ednica Dental en Rivas-Vaciamadrid","publisher":{"@id":"https:\/\/dentaladameyespiga.com\/#organization"},"potentialAction":[{"@type":"SearchAction","target":{"@type":"EntryPoint","urlTemplate":"https:\/\/dentaladameyespiga.com\/?s={search_term_string}"},"query-input":{"@type":"PropertyValueSpecification","valueRequired":true,"valueName":"search_term_string"}}],"inLanguage":"es"},{"@type":"Organization","@id":"https:\/\/dentaladameyespiga.com\/#organization","name":"Cl\u00ednica Dental Adame y Espiga","alternateName":"Dental Adame y Espiga","url":"https:\/\/dentaladameyespiga.com\/","logo":{"@type":"ImageObject","inLanguage":"es","@id":"https:\/\/dentaladameyespiga.com\/#\/schema\/logo\/image\/","url":"https:\/\/dentaladameyespiga.com\/wp-content\/uploads\/2024\/09\/Sin-titulo-500-x-250-px.png","contentUrl":"https:\/\/dentaladameyespiga.com\/wp-content\/uploads\/2024\/09\/Sin-titulo-500-x-250-px.png","width":500,"height":250,"caption":"Cl\u00ednica Dental Adame y Espiga"},"image":{"@id":"https:\/\/dentaladameyespiga.com\/#\/schema\/logo\/image\/"},"sameAs":["https:\/\/www.facebook.com\/dentaladameyespiga\/","https:\/\/www.instagram.com\/dentaladameyespiga\/"]},{"@type":"Person","@id":"https:\/\/dentaladameyespiga.com\/#\/schema\/person\/c8b98512e2b6dea4ff70980be873271e","name":"admin","image":{"@type":"ImageObject","inLanguage":"es","@id":"https:\/\/secure.gravatar.com\/avatar\/1d53d8656844751f3a31de1dd0cf0907279d4db72111ddedeb490f6e0ee3a5a0?s=96&d=mm&r=g","url":"https:\/\/secure.gravatar.com\/avatar\/1d53d8656844751f3a31de1dd0cf0907279d4db72111ddedeb490f6e0ee3a5a0?s=96&d=mm&r=g","contentUrl":"https:\/\/secure.gravatar.com\/avatar\/1d53d8656844751f3a31de1dd0cf0907279d4db72111ddedeb490f6e0ee3a5a0?s=96&d=mm&r=g","caption":"admin"},"sameAs":["https:\/\/dentaladameyespiga.com"]}]}},"_links":{"self":[{"href":"https:\/\/dentaladameyespiga.com\/wp-json\/wp\/v2\/posts\/987513022","targetHints":{"allow":["GET"]}}],"collection":[{"href":"https:\/\/dentaladameyespiga.com\/wp-json\/wp\/v2\/posts"}],"about":[{"href":"https:\/\/dentaladameyespiga.com\/wp-json\/wp\/v2\/types\/post"}],"author":[{"embeddable":true,"href":"https:\/\/dentaladameyespiga.com\/wp-json\/wp\/v2\/users\/1"}],"replies":[{"embeddable":true,"href":"https:\/\/dentaladameyespiga.com\/wp-json\/wp\/v2\/comments?post=987513022"}],"version-history":[{"count":9,"href":"https:\/\/dentaladameyespiga.com\/wp-json\/wp\/v2\/posts\/987513022\/revisions"}],"predecessor-version":[{"id":987513733,"href":"https:\/\/dentaladameyespiga.com\/wp-json\/wp\/v2\/posts\/987513022\/revisions\/987513733"}],"wp:featuredmedia":[{"embeddable":true,"href":"https:\/\/dentaladameyespiga.com\/wp-json\/wp\/v2\/media\/987513029"}],"wp:attachment":[{"href":"https:\/\/dentaladameyespiga.com\/wp-json\/wp\/v2\/media?parent=987513022"}],"wp:term":[{"taxonomy":"category","embeddable":true,"href":"https:\/\/dentaladameyespiga.com\/wp-json\/wp\/v2\/categories?post=987513022"},{"taxonomy":"post_tag","embeddable":true,"href":"https:\/\/dentaladameyespiga.com\/wp-json\/wp\/v2\/tags?post=987513022"}],"curies":[{"name":"wp","href":"https:\/\/api.w.org\/{rel}","templated":true}]}}