{"id":987513051,"date":"2025-01-15T14:50:59","date_gmt":"2025-01-15T13:50:59","guid":{"rendered":"https:\/\/dentaladameyespiga.com\/?p=987513051"},"modified":"2026-01-21T10:44:26","modified_gmt":"2026-01-21T09:44:26","slug":"mejor-blanqueamiento-dental-en-madrid","status":"publish","type":"post","link":"https:\/\/dentaladameyespiga.com\/mejor-blanqueamiento-dental-en-madrid\/","title":{"rendered":"Mejor blanqueamiento dental en Madrid"},"content":{"rendered":"\n[et_pb_section fb_built=\u00bb1&#8243; _builder_version=\u00bb4.27.2&#8243; _module_preset=\u00bbdefault\u00bb custom_padding=\u00bb0px||0px||true|false\u00bb da_disable_devices=\u00bboff|off|off\u00bb global_colors_info=\u00bb{}\u00bb da_is_popup=\u00bboff\u00bb da_exit_intent=\u00bboff\u00bb da_has_close=\u00bbon\u00bb da_alt_close=\u00bboff\u00bb da_dark_close=\u00bboff\u00bb da_not_modal=\u00bbon\u00bb da_is_singular=\u00bboff\u00bb da_with_loader=\u00bboff\u00bb da_has_shadow=\u00bbon\u00bb][et_pb_row _builder_version=\u00bb4.27.0&#8243; _module_preset=\u00bbdefault\u00bb max_width=\u00bb1320px\u00bb custom_padding=\u00bb||0px||false|false\u00bb locked=\u00bboff\u00bb global_colors_info=\u00bb{}\u00bb][et_pb_column type=\u00bb4_4&#8243; _builder_version=\u00bb4.25.2&#8243; _module_preset=\u00bbdefault\u00bb global_colors_info=\u00bb{}\u00bb][et_pb_heading title=\u00bbMejor Blanqueamiento Dental\u00bb _builder_version=\u00bb4.27.4&#8243; _module_preset=\u00bb7a822d9c-a7d2-4558-84c9-19f256bdcf8b\u00bb title_font=\u00bbBelleza||||||||\u00bb title_text_align=\u00bbcenter\u00bb title_text_color=\u00bb#0F402C\u00bb title_font_size=\u00bb40px\u00bb custom_margin=\u00bb||10px||false|false\u00bb global_colors_info=\u00bb{}\u00bb][\/et_pb_heading][et_pb_divider color=\u00bb#E8E0D4&#8243; divider_weight=\u00bb3px\u00bb _builder_version=\u00bb4.27.2&#8243; _module_preset=\u00bbdefault\u00bb max_width=\u00bb15%\u00bb module_alignment=\u00bbcenter\u00bb custom_margin=\u00bb||0px||false|false\u00bb custom_padding=\u00bb||0px||false|false\u00bb global_colors_info=\u00bb{}\u00bb][\/et_pb_divider][et_pb_text _builder_version=\u00bb4.27.2&#8243; _module_preset=\u00bbdefault\u00bb text_font=\u00bb&#8211;et_global_body_font|300|on||||||\u00bb text_text_color=\u00bb#0F402C\u00bb text_font_size=\u00bb18px\u00bb text_line_height=\u00bb1.4em\u00bb text_orientation=\u00bbcenter\u00bb global_colors_info=\u00bb{}\u00bb]<p>Cl\u00ednica Dental Adame y Espiga en Rivas-Vaciamadrid (Madrid)<\/p>[\/et_pb_text][\/et_pb_column][\/et_pb_row][et_pb_row _builder_version=\u00bb4.27.2&#8243; _module_preset=\u00bbdefault\u00bb global_colors_info=\u00bb{}\u00bb][et_pb_column type=\u00bb4_4&#8243; _builder_version=\u00bb4.27.2&#8243; _module_preset=\u00bbdefault\u00bb global_colors_info=\u00bb{}\u00bb][et_pb_image src=\u00bbhttps:\/\/dentaladameyespiga.com\/wp-content\/uploads\/2025\/01\/Blanqueamiento_denta.png\u00bb alt=\u00bbUna imagen de un antes y despu\u00e9s de un blanqueamiento dental\u00bb title_text=\u00bbBlanqueamiento_dental_rivas\u00bb align=\u00bbcenter\u00bb _builder_version=\u00bb4.27.4&#8243; _module_preset=\u00bbdefault\u00bb width=\u00bb75%\u00bb global_colors_info=\u00bb{}\u00bb][\/et_pb_image][\/et_pb_column][\/et_pb_row][\/et_pb_section][et_pb_section fb_built=\u00bb1&#8243; _builder_version=\u00bb4.27.2&#8243; _module_preset=\u00bbdefault\u00bb custom_padding=\u00bb0px||0px||true|false\u00bb da_disable_devices=\u00bboff|off|off\u00bb global_colors_info=\u00bb{}\u00bb da_is_popup=\u00bboff\u00bb da_exit_intent=\u00bboff\u00bb da_has_close=\u00bbon\u00bb da_alt_close=\u00bboff\u00bb da_dark_close=\u00bboff\u00bb da_not_modal=\u00bbon\u00bb da_is_singular=\u00bboff\u00bb da_with_loader=\u00bboff\u00bb da_has_shadow=\u00bbon\u00bb][et_pb_row _builder_version=\u00bb4.27.2&#8243; _module_preset=\u00bbdefault\u00bb global_colors_info=\u00bb{}\u00bb][et_pb_column type=\u00bb4_4&#8243; _builder_version=\u00bb4.27.2&#8243; _module_preset=\u00bbdefault\u00bb global_colors_info=\u00bb{}\u00bb][et_pb_text _builder_version=\u00bb4.27.4&#8243; _module_preset=\u00bbdefault\u00bb text_font=\u00bb&#8211;et_global_body_font||||||||\u00bb text_font_size=\u00bb18px\u00bb text_line_height=\u00bb1.4em\u00bb text_orientation=\u00bbjustified\u00bb global_colors_info=\u00bb{}\u00bb]<div data-breakout=\"normal\">\n<p class=\"XkByg vaqC7 h8LWG WcxKu\" dir=\"auto\" id=\"viewer-8fnbi\"><span>Si buscas una sonrisa m\u00e1s blanca y luminosa, est\u00e1s en el lugar adecuado. En nuestra cl\u00ednica dental en Rivas Vaciamadrid<\/span><span> podemos ayudarte a rejuvenecer tu sonrisa con un <\/span><b><span>blanqueamiento dental: <\/span><\/b><span>un tratamiento efectivo, seguro y r\u00e1pido que rejuvenecer\u00e1 el aspecto de tu sonrisa consiguiendo unos dientes m\u00e1s blancos. A continuaci\u00f3n resolvemos las dudas m\u00e1s frecuentes sobre este tratamiento.<\/span><\/p>\n<\/div>\n<div data-breakout=\"normal\">\n<div class=\"XkByg vaqC7 h8LWG WcxKu\" dir=\"auto\" id=\"viewer-6tti6\"><\/div>\n<\/div>[\/et_pb_text][\/et_pb_column][\/et_pb_row][et_pb_row column_structure=\u00bb2_5,3_5&#8243; _builder_version=\u00bb4.27.2&#8243; _module_preset=\u00bbdefault\u00bb custom_padding=\u00bb26px|||||\u00bb global_colors_info=\u00bb{}\u00bb][et_pb_column type=\u00bb2_5&#8243; _builder_version=\u00bb4.27.2&#8243; _module_preset=\u00bbdefault\u00bb global_colors_info=\u00bb{}\u00bb][et_pb_video src=\u00bbhttps:\/\/vimeo.com\/1047123093?share=copy\u00bb _builder_version=\u00bb4.27.4&#8243; _module_preset=\u00bbdefault\u00bb max_width=\u00bb80%\u00bb custom_margin=\u00bb||||false|false\u00bb global_colors_info=\u00bb{}\u00bb][\/et_pb_video][\/et_pb_column][et_pb_column type=\u00bb3_5&#8243; _builder_version=\u00bb4.27.2&#8243; _module_preset=\u00bbdefault\u00bb global_colors_info=\u00bb{}\u00bb][et_pb_text _builder_version=\u00bb4.27.4&#8243; _module_preset=\u00bbdefault\u00bb text_font=\u00bb&#8211;et_global_heading_font||||||||\u00bb text_text_color=\u00bb#0F402C\u00bb text_font_size=\u00bb24px\u00bb text_line_height=\u00bb1.4em\u00bb header_2_text_color=\u00bb#0F402C\u00bb hover_enabled=\u00bb0&#8243; global_colors_info=\u00bb{}\u00bb sticky_enabled=\u00bb0&#8243; header_2_font_size_last_edited=\u00bbon|tablet\u00bb header_2_font_size_phone=\u00bb27px\u00bb header_2_font_size=\u00bb27px\u00bb header_2_font_size_tablet=\u00bb27px\u00bb]<h2><strong>\u00bfEl blanqueamiento dental duele?<\/strong><\/h2>[\/et_pb_text][et_pb_text _builder_version=\u00bb4.27.4&#8243; _module_preset=\u00bbdefault\u00bb text_font=\u00bb&#8211;et_global_body_font||||||||\u00bb text_font_size=\u00bb18px\u00bb text_line_height=\u00bb1.4em\u00bb text_orientation=\u00bbjustified\u00bb global_colors_info=\u00bb{}\u00bb]<p>El blanqueamiento dental,<span>\u00a0<\/span><strong>siempre que se realice bajo la supervisi\u00f3n de un profesional, es un tratamiento no invasivo y muy eficaz<\/strong><span>\u00a0<\/span>que nos permite tener unos dientes m\u00e1s blancos de forma poco invasiva, r\u00e1pida e indolora.<\/p>[\/et_pb_text][et_pb_text _builder_version=\u00bb4.27.4&#8243; _module_preset=\u00bbdefault\u00bb text_font=\u00bb&#8211;et_global_body_font||||||||\u00bb text_font_size=\u00bb18px\u00bb text_line_height=\u00bb1.4em\u00bb text_orientation=\u00bbjustified\u00bb global_colors_info=\u00bb{}\u00bb]<p><span>Tal y como nos explica la <strong><span style=\"color: #0f402c;\"><a href=\"https:\/\/dentaladameyespiga.com\/index.php\/clinica-y-equipo\/\" style=\"color: #0f402c;\">Dra. Elena Adame<\/a><\/span><\/strong> en el v\u00eddeo,\u00a0 durante el blanqueamiento dental podemos notar algo de sensibilidad pero no un dolor insoportable, siempre que se realice correctamente. En caso de tener caries,<span style=\"color: #0f402c;\"><strong><a href=\"https:\/\/dentaladameyespiga.com\/index.php\/2024\/12\/10\/que-es-la-gingivitis-y-la-periodontitis-causas-y-soluciones\/\" style=\"color: #0f402c;\"> gingivitis o periodontitis<\/a><\/strong><\/span><\/span><span style=\"color: #0f402c;\">\u00a0<\/span>podr\u00edamos experimentar dolor agudo, de ah\u00ed que sea tan importante revisar tu salud bucodental antes de realizarte este tratamiento.<\/p>[\/et_pb_text][et_pb_button button_url=\u00bb@ET-DC@eyJkeW5hbWljIjp0cnVlLCJjb250ZW50IjoicG9zdF9saW5rX3VybF9wYWdlIiwic2V0dGluZ3MiOnsicG9zdF9pZCI6IjM3MDgwNyJ9fQ==@\u00bb button_text=\u00bbQuiero pedir cita\u00bb button_alignment=\u00bbcenter\u00bb _builder_version=\u00bb4.27.4&#8243; _dynamic_attributes=\u00bbbutton_url\u00bb _module_preset=\u00bbdefault\u00bb custom_button=\u00bbon\u00bb button_text_color=\u00bb#0F402C\u00bb button_bg_color=\u00bbrgba(255,255,255,0.4)\u00bb button_border_color=\u00bb#0F402C\u00bb button_border_radius=\u00bb8px\u00bb button_font=\u00bbBelleza||||||||\u00bb custom_margin=\u00bb31px|||||\u00bb locked=\u00bboff\u00bb global_colors_info=\u00bb{}\u00bb][\/et_pb_button][\/et_pb_column][\/et_pb_row][et_pb_row _builder_version=\u00bb4.27.2&#8243; _module_preset=\u00bbdefault\u00bb custom_padding=\u00bb26px|||||\u00bb global_colors_info=\u00bb{}\u00bb][et_pb_column type=\u00bb4_4&#8243; _builder_version=\u00bb4.27.2&#8243; _module_preset=\u00bbdefault\u00bb global_colors_info=\u00bb{}\u00bb][et_pb_text _builder_version=\u00bb4.27.4&#8243; _module_preset=\u00bbdefault\u00bb text_font=\u00bb&#8211;et_global_heading_font||||||||\u00bb text_text_color=\u00bb#0F402C\u00bb text_font_size=\u00bb24px\u00bb text_line_height=\u00bb1.4em\u00bb header_2_text_color=\u00bb#0F402C\u00bb hover_enabled=\u00bb0&#8243; global_colors_info=\u00bb{}\u00bb header_2_font_size=\u00bb27px\u00bb sticky_enabled=\u00bb0&#8243; header_2_font_size_last_edited=\u00bbon|phone\u00bb header_2_font_size_tablet=\u00bb27px\u00bb header_2_font_size_phone=\u00bb27px\u00bb]<h2><strong>\u00bfCu\u00e1ndo se recomienda un blanqueamiento?<\/strong><\/h2>[\/et_pb_text][et_pb_text _builder_version=\u00bb4.27.4&#8243; _module_preset=\u00bbdefault\u00bb text_font=\u00bb&#8211;et_global_body_font||||||||\u00bb text_font_size=\u00bb18px\u00bb text_line_height=\u00bb1.4em\u00bb text_orientation=\u00bbjustified\u00bb custom_margin=\u00bb||1px|||\u00bb global_colors_info=\u00bb{}\u00bb]<ol class=\"ol1\">\n<li class=\"li2\"><strong><span>Manchas dentales<\/span><\/strong><b><span>\u00a0<\/span>por alimentos o bebidas<\/b>: Si consumes regularmente caf\u00e9, t\u00e9, vino tinto o alimentos con alto contenido en pigmentos, tus dientes pueden oscurecerse con el tiempo.<\/li>\n<li class=\"li2\"><b>Tinci\u00f3n por tabaco<\/b>: La nicotina y el alquitr\u00e1n presentes en el tabaco generan manchas amarillentas o marrones en los dientes.<\/li>\n<li class=\"li2\"><b>Dientes oscurecidos por la edad<\/b>: Con el paso de los a\u00f1os, el esmalte dental se desgasta, dejando al descubierto la dentina, que tiene un tono m\u00e1s oscuro.<\/li>\n<li class=\"li2\"><b>Tras tratamientos dentales<\/b>: En ocasiones, despu\u00e9s de realizar empastes o tratamientos como ortodoncia, se recomienda un blanqueamiento para uniformar el color de los dientes.<\/li>\n<li class=\"li2\"><b>Eventos especiales<\/b>: Muchas personas optan por un blanqueamiento antes de bodas, entrevistas de trabajo u otros eventos importantes.<\/li>\n<\/ol>[\/et_pb_text][\/et_pb_column][\/et_pb_row][et_pb_row column_structure=\u00bb1_2,1_2&#8243; _builder_version=\u00bb4.27.0&#8243; _module_preset=\u00bbdefault\u00bb locked=\u00bboff\u00bb global_colors_info=\u00bb{}\u00bb][et_pb_column type=\u00bb1_2&#8243; _builder_version=\u00bb4.27.0&#8243; _module_preset=\u00bbdefault\u00bb global_colors_info=\u00bb{}\u00bb][et_pb_button button_url=\u00bbhttps:\/\/web.whatsapp.com\/send?phone=34648057528&#038;text=%C2%A1Hola!%20Me%20gustar%C3%ADa%20pedir%20una%20cita%20para&#8230;\u00bb url_new_window=\u00bbon\u00bb button_text=\u00bbWhatsApp\u00bb button_alignment=\u00bbright\u00bb _builder_version=\u00bb4.27.4&#8243; _module_preset=\u00bbdefault\u00bb custom_button=\u00bbon\u00bb button_text_color=\u00bb#0F402C\u00bb button_bg_color=\u00bbrgba(255,255,255,0.64)\u00bb button_border_color=\u00bb#0F402C\u00bb button_border_radius=\u00bb8px\u00bb button_font=\u00bbBelleza||||||||\u00bb button_icon=\u00bb&#x76;||divi||400&#8243; hover_enabled=\u00bb0&#8243; global_colors_info=\u00bb{}\u00bb button_alignment_last_edited=\u00bbon|tablet\u00bb sticky_enabled=\u00bb0&#8243; button_alignment_tablet=\u00bbcenter\u00bb button_alignment_phone=\u00bbcenter\u00bb][\/et_pb_button][\/et_pb_column][et_pb_column type=\u00bb1_2&#8243; _builder_version=\u00bb4.27.0&#8243; _module_preset=\u00bbdefault\u00bb global_colors_info=\u00bb{}\u00bb][et_pb_button button_url=\u00bb@ET-DC@eyJkeW5hbWljIjp0cnVlLCJjb250ZW50IjoicG9zdF9saW5rX3VybF9wYWdlIiwic2V0dGluZ3MiOnsicG9zdF9pZCI6IjM3MDgwNyJ9fQ==@\u00bb button_text=\u00bbTe llamamos\u00bb button_alignment=\u00bbleft\u00bb _builder_version=\u00bb4.27.4&#8243; _dynamic_attributes=\u00bbbutton_url\u00bb _module_preset=\u00bbdefault\u00bb custom_button=\u00bbon\u00bb button_text_color=\u00bb#0F402C\u00bb button_bg_color=\u00bbrgba(255,255,255,0.64)\u00bb button_border_color=\u00bb#0F402C\u00bb button_border_radius=\u00bb8px\u00bb button_font=\u00bbBelleza||||||||\u00bb button_icon=\u00bb&#xf879;||fa||900&#8243; hover_enabled=\u00bb0&#8243; global_colors_info=\u00bb{}\u00bb button_alignment_last_edited=\u00bbon|tablet\u00bb sticky_enabled=\u00bb0&#8243; button_alignment_tablet=\u00bbcenter\u00bb button_alignment_phone=\u00bbcenter\u00bb][\/et_pb_button][\/et_pb_column][\/et_pb_row][et_pb_row _builder_version=\u00bb4.27.2&#8243; _module_preset=\u00bbdefault\u00bb custom_padding=\u00bb26px||17px|||\u00bb global_colors_info=\u00bb{}\u00bb column_structure=\u00bb1_2,1_2&#8243;][et_pb_column type=\u00bb1_2&#8243; _builder_version=\u00bb4.27.2&#8243; _module_preset=\u00bbdefault\u00bb global_colors_info=\u00bb{}\u00bb][et_pb_text _builder_version=\u00bb4.27.4&#8243; _module_preset=\u00bbdefault\u00bb text_font=\u00bb&#8211;et_global_heading_font||||||||\u00bb text_text_color=\u00bb#0F402C\u00bb text_font_size=\u00bb24px\u00bb text_line_height=\u00bb1.4em\u00bb header_2_text_color=\u00bb#0F402C\u00bb header_3_font=\u00bb|600|||||||\u00bb header_3_text_color=\u00bb#0F402C\u00bb header_3_font_size=\u00bb24px\u00bb custom_margin=\u00bb||17px|||\u00bb hover_enabled=\u00bb0&#8243; global_colors_info=\u00bb{}\u00bb sticky_enabled=\u00bb0&#8243;]<h3><strong>\u00bfCu\u00e1l es el mejor blanqueamiento dental?<\/strong><\/h3>[\/et_pb_text][et_pb_text _builder_version=\u00bb4.27.4&#8243; _module_preset=\u00bbdefault\u00bb text_font=\u00bb&#8211;et_global_body_font||||||||\u00bb text_font_size=\u00bb18px\u00bb text_line_height=\u00bb1.4em\u00bb text_orientation=\u00bbjustified\u00bb global_colors_info=\u00bb{}\u00bb]<p>El mejor blanqueamiento es aquel que se diagnostica teniendo en cuenta la situaci\u00f3n inicial de cada paciente (su salud oral, tipo de tinciones, h\u00e1bitos, objetivos, etc.) y se lleva a cabo correctamente bajo la supervisi\u00f3n de un especialista que nos ayude a grantizar unos buenos resultado. <strong>3 Claves para garantizar el \u00e9xito<\/strong> y conseguir unos dientes m\u00e1s blancos:<\/p>[\/et_pb_text][et_pb_text _builder_version=\u00bb4.27.4&#8243; _module_preset=\u00bbdefault\u00bb text_font=\u00bb&#8211;et_global_body_font||||||||\u00bb text_font_size=\u00bb18px\u00bb text_line_height=\u00bb1.4em\u00bb text_orientation=\u00bbjustified\u00bb custom_margin=\u00bb||21px|||\u00bb global_colors_info=\u00bb{}\u00bb]<p><strong>1.<\/strong> <strong>Diagnostico previo<\/strong><span>\u00a0<\/span>por parte de un profesional que confirme que tu salud oral est\u00e1 en buen estado. Si te haces un blanqueamiento con una caries\u2026 El dolor puede ser insoportable!<\/p>\n<p><strong>2. Supervisi\u00f3n durante el tratamiento<\/strong><span>\u00a0<\/span>por parte de un especialista, rejuvenece tu sonrisa sin poner en riesgo tu salud.<\/p>\n<p><strong>3.<\/strong><span>\u00a0<\/span><strong>Sigue las recomendaciones del especialista<\/strong><span>\u00a0<\/span>para obtener siempre el mejor resultado, recuerda que hay ciertos alimentos como el tomate, el caf\u00e9, el vino tinto y h\u00e1bitos como el tabaquismo, que hay que tratar de evitar, al menos, durante unos d\u00edas.<\/p>[\/et_pb_text][et_pb_text _builder_version=\u00bb4.27.4&#8243; _module_preset=\u00bbdefault\u00bb text_font=\u00bb&#8211;et_global_body_font||||||||\u00bb text_font_size=\u00bb18px\u00bb text_line_height=\u00bb1.4em\u00bb text_orientation=\u00bbjustified\u00bb custom_margin=\u00bb||||false|false\u00bb custom_padding=\u00bb||||false|false\u00bb global_colors_info=\u00bb{}\u00bb]<div data-breakout=\"normal\">\n<div class=\"et_pb_module et_pb_text et_pb_text_14  et_pb_text_align_left et_pb_bg_layout_light\">\n<div class=\"et_pb_text_inner\">\n<p class=\"p1\">Tambi\u00e9n es muy importante determinar la causa de las manchas o el cambio de color en los dientes, ya que eso nos ayudar\u00e1 a saber si con un blanqueamiento dental conseguiremos los objetivos marcados, o necesitaremos optar por otro tratamiento, como las carillas dentales.<\/p>\n<\/div>\n<\/div>\n<\/div>[\/et_pb_text][\/et_pb_column][et_pb_column type=\u00bb1_2&#8243; _builder_version=\u00bb4.27.2&#8243; _module_preset=\u00bbdefault\u00bb global_colors_info=\u00bb{}\u00bb][et_pb_image src=\u00bbhttps:\/\/dentaladameyespiga.com\/wp-content\/uploads\/2025\/01\/sonrisa_dientes_blancos.png\u00bb _builder_version=\u00bb4.27.4&#8243; _module_preset=\u00bbdefault\u00bb alt=\u00bbUna imagen de una sonrisa de una mujer con los dientes blancos\u00bb title_text=\u00bbsonrisa_dientes_blancos\u00bb hover_enabled=\u00bb0&#8243; sticky_enabled=\u00bb0&#8243; width=\u00bb90%\u00bb][\/et_pb_image][\/et_pb_column][\/et_pb_row][et_pb_row _builder_version=\u00bb4.27.4&#8243; _module_preset=\u00bbdefault\u00bb][et_pb_column _builder_version=\u00bb4.27.4&#8243; _module_preset=\u00bbdefault\u00bb type=\u00bb4_4&#8243;][et_pb_text _builder_version=\u00bb4.27.4&#8243; _module_preset=\u00bbdefault\u00bb text_font=\u00bb&#8211;et_global_body_font||||||||\u00bb text_font_size=\u00bb18px\u00bb text_line_height=\u00bb1.4em\u00bb text_orientation=\u00bbjustified\u00bb custom_margin=\u00bb||0px||false|false\u00bb hover_enabled=\u00bb0&#8243; global_colors_info=\u00bb{}\u00bb sticky_enabled=\u00bb0&#8243;]<div data-breakout=\"normal\">\n<div class=\"et_pb_module et_pb_text et_pb_text_14  et_pb_text_align_left et_pb_bg_layout_light\">\n<div class=\"et_pb_text_inner\">\n<p>Nuestro consejo es que <strong>acudas a tu dentista de confianza y<\/strong>, seg\u00fan el estado de tu boca,\u00a0<strong>te recomiende el tipo de blanqueamiento m\u00e1s adecuado para ti<\/strong>. En la actualidad, existen varios tipos de blanqueamientos dentales que, en funci\u00f3n de las caracter\u00edsticas del paciente, ser\u00e1n los recomendados para realizar un tratamiento seguro y eficaz.<\/p>\n<\/div>\n<\/div>\n<\/div>[\/et_pb_text][\/et_pb_column][\/et_pb_row][et_pb_row _builder_version=\u00bb4.27.2&#8243; _module_preset=\u00bbdefault\u00bb custom_padding=\u00bb26px|||||\u00bb global_colors_info=\u00bb{}\u00bb][et_pb_column type=\u00bb4_4&#8243; _builder_version=\u00bb4.27.2&#8243; _module_preset=\u00bbdefault\u00bb global_colors_info=\u00bb{}\u00bb][et_pb_text _builder_version=\u00bb4.27.4&#8243; _module_preset=\u00bbdefault\u00bb text_font=\u00bb&#8211;et_global_heading_font||||||||\u00bb text_text_color=\u00bb#0F402C\u00bb text_font_size=\u00bb24px\u00bb text_line_height=\u00bb1.4em\u00bb header_2_text_color=\u00bb#0F402C\u00bb header_3_text_color=\u00bb#0F402C\u00bb header_3_font_size=\u00bb23px\u00bb custom_margin=\u00bb||20px|||\u00bb global_colors_info=\u00bb{}\u00bb]<h3><strong>Blanqueamiento dental venta online o remedios caseros&#8230; \u00a1No gracias!<\/strong><\/h3>[\/et_pb_text][et_pb_text _builder_version=\u00bb4.27.4&#8243; _module_preset=\u00bbdefault\u00bb text_font=\u00bb&#8211;et_global_body_font||||||||\u00bb text_font_size=\u00bb18px\u00bb text_line_height=\u00bb1.4em\u00bb text_orientation=\u00bbjustified\u00bb global_colors_info=\u00bb{}\u00bb]<p>Huye de los m\u00e9todos do it yourself! Un blanqueamiento<span>\u00a0<\/span><strong>no es un producto como un pintalabios o una colonia<\/strong>. Estamos hablando de un tratamiento que si se realiza sin supervisi\u00f3n puede causar hipersensibilidad dental, recesi\u00f3n de enc\u00edas e incluso implicar una serie de riesgos m\u00e1s graves en tu salud. Adem\u00e1s de no conseguir el resultado deseado.<\/p>[\/et_pb_text][et_pb_text _builder_version=\u00bb4.27.4&#8243; _module_preset=\u00bbdefault\u00bb text_font=\u00bb&#8211;et_global_body_font||||||||\u00bb text_font_size=\u00bb18px\u00bb text_line_height=\u00bb1.4em\u00bb text_orientation=\u00bbjustified\u00bb global_colors_info=\u00bb{}\u00bb]<p>Tambi\u00e9n queremos alertar sobre aquellos<span>\u00a0<\/span>consejos est\u00e9ticos caseros que se pueden encontrar en Internet\u00a0y que debido al desconocimiento,<span>\u00a0<\/span>est\u00e1n causando graves problemas para la salud bucodental. <strong>El carb\u00f3n activo, el lim\u00f3n o el bicarbonato no son buenos en ning\u00fan caso para mejorar el color tu sonrisa<\/strong><span>\u00a0<\/span>ya que no hay evidencia cient\u00edfica de que estos productos dejen nuestros dientes m\u00e1s blancos y mucho menos que sean beneficiosos a lo largo del tiempo para tener una bonita sonrisa.<\/p>[\/et_pb_text][et_pb_text _builder_version=\u00bb4.27.4&#8243; _module_preset=\u00bbdefault\u00bb text_font=\u00bb&#8211;et_global_body_font||||||||\u00bb text_font_size=\u00bb18px\u00bb text_line_height=\u00bb1.4em\u00bb text_orientation=\u00bbjustified\u00bb border_color_all=\u00bb#0F402C\u00bb global_colors_info=\u00bb{}\u00bb]<div data-breakout=\"normal\">\n<p class=\"XkByg vaqC7 h8LWG WcxKu\" dir=\"auto\" id=\"viewer-8fnbi\"><em>En Espa\u00f1a el uso de per\u00f3xido de hidr\u00f3geno con concentraciones superiores al 18% de per\u00f3xido de carbamida, equivalentes al 6% de per\u00f3xido de hidr\u00f3geno presente o liberado est\u00e1 limitando para uso exclusivo de dentista.<\/em><\/p>\n<\/div>\n<div data-breakout=\"normal\">\n<div class=\"XkByg vaqC7 h8LWG WcxKu\" dir=\"auto\" id=\"viewer-6tti6\"><\/div>\n<\/div>[\/et_pb_text][et_pb_text _builder_version=\u00bb4.27.4&#8243; _module_preset=\u00bbdefault\u00bb text_font=\u00bb&#8211;et_global_body_font||||||||\u00bb text_font_size=\u00bb18px\u00bb text_line_height=\u00bb1.4em\u00bb text_orientation=\u00bbjustified\u00bb global_colors_info=\u00bb{}\u00bb]<p>En<span style=\"color: #0f402c;\"><strong><a href=\"https:\/\/dentaladameyespiga.com\/\" style=\"color: #0f402c;\"> Cl\u00ednica Dental Adame y Espiga<\/a> <\/strong><\/span>en Rivas Vaciamadrid, podemos ayudarte a conseguir una sonrisa m\u00e1s blanca y luminosa sin poner en riesgo tu salud.<\/p>[\/et_pb_text][\/et_pb_column][\/et_pb_row][et_pb_row column_structure=\u00bb1_2,1_2&#8243; _builder_version=\u00bb4.27.0&#8243; _module_preset=\u00bbdefault\u00bb locked=\u00bboff\u00bb global_colors_info=\u00bb{}\u00bb][et_pb_column type=\u00bb1_2&#8243; _builder_version=\u00bb4.27.0&#8243; _module_preset=\u00bbdefault\u00bb global_colors_info=\u00bb{}\u00bb][et_pb_button button_url=\u00bbhttps:\/\/web.whatsapp.com\/send?phone=34648057528&#038;text=%C2%A1Hola!%20Me%20gustar%C3%ADa%20pedir%20una%20cita%20para&#8230;\u00bb url_new_window=\u00bbon\u00bb button_text=\u00bbWhatsApp\u00bb button_alignment=\u00bbright\u00bb _builder_version=\u00bb4.27.4&#8243; _module_preset=\u00bbdefault\u00bb custom_button=\u00bbon\u00bb button_text_color=\u00bb#0F402C\u00bb button_bg_color=\u00bbrgba(255,255,255,0.64)\u00bb button_border_color=\u00bb#0F402C\u00bb button_border_radius=\u00bb8px\u00bb button_font=\u00bbBelleza||||||||\u00bb button_icon=\u00bb&#x76;||divi||400&#8243; hover_enabled=\u00bb0&#8243; global_colors_info=\u00bb{}\u00bb button_alignment_last_edited=\u00bbon|tablet\u00bb sticky_enabled=\u00bb0&#8243; button_alignment_tablet=\u00bbcenter\u00bb button_alignment_phone=\u00bbcenter\u00bb][\/et_pb_button][\/et_pb_column][et_pb_column type=\u00bb1_2&#8243; _builder_version=\u00bb4.27.0&#8243; _module_preset=\u00bbdefault\u00bb global_colors_info=\u00bb{}\u00bb][et_pb_button button_url=\u00bb@ET-DC@eyJkeW5hbWljIjp0cnVlLCJjb250ZW50IjoicG9zdF9saW5rX3VybF9wYWdlIiwic2V0dGluZ3MiOnsicG9zdF9pZCI6IjM3MDgwNyJ9fQ==@\u00bb button_text=\u00bbTe llamamos\u00bb button_alignment=\u00bbleft\u00bb _builder_version=\u00bb4.27.4&#8243; _dynamic_attributes=\u00bbbutton_url\u00bb _module_preset=\u00bbdefault\u00bb custom_button=\u00bbon\u00bb button_text_color=\u00bb#0F402C\u00bb button_bg_color=\u00bbrgba(255,255,255,0.64)\u00bb button_border_color=\u00bb#0F402C\u00bb button_border_radius=\u00bb8px\u00bb button_font=\u00bbBelleza||||||||\u00bb button_icon=\u00bb&#xf879;||fa||900&#8243; hover_enabled=\u00bb0&#8243; global_colors_info=\u00bb{}\u00bb button_alignment_last_edited=\u00bbon|tablet\u00bb sticky_enabled=\u00bb0&#8243; button_alignment_tablet=\u00bbcenter\u00bb button_alignment_phone=\u00bbcenter\u00bb][\/et_pb_button][\/et_pb_column][\/et_pb_row][et_pb_row _builder_version=\u00bb4.27.2&#8243; _module_preset=\u00bbdefault\u00bb custom_margin=\u00bb|auto|35px|auto||\u00bb custom_padding=\u00bb0px||0px||true|false\u00bb global_colors_info=\u00bb{}\u00bb][et_pb_column type=\u00bb4_4&#8243; _builder_version=\u00bb4.27.2&#8243; _module_preset=\u00bbdefault\u00bb global_colors_info=\u00bb{}\u00bb][et_pb_text _builder_version=\u00bb4.27.4&#8243; _module_preset=\u00bbdefault\u00bb text_font=\u00bb&#8211;et_global_heading_font||||||||\u00bb text_text_color=\u00bb#0F402C\u00bb text_font_size=\u00bb24px\u00bb text_line_height=\u00bb1.4em\u00bb header_2_text_color=\u00bb#0F402C\u00bb header_3_font=\u00bb|600|||||||\u00bb header_3_text_color=\u00bb#0F402C\u00bb header_3_font_size=\u00bb24px\u00bb header_4_font=\u00bb|700|||||||\u00bb header_4_text_color=\u00bb#0F402C\u00bb header_4_font_size=\u00bb24px\u00bb custom_margin=\u00bb||6px|||\u00bb global_colors_info=\u00bb{}\u00bb]<h4><span>5 Consejos para mantener el blanco de tus dientes<\/span><\/h4>[\/et_pb_text][et_pb_text _builder_version=\u00bb4.27.4&#8243; _module_preset=\u00bbdefault\u00bb text_font=\u00bb&#8211;et_global_body_font||||||||\u00bb text_font_size=\u00bb18px\u00bb text_line_height=\u00bb1.4em\u00bb text_orientation=\u00bbjustified\u00bb custom_margin=\u00bb0px||0px||true|false\u00bb custom_padding=\u00bb0px||0px||true|false\u00bb global_colors_info=\u00bb{}\u00bb]<div data-breakout=\"normal\">\n<ul><\/ul>\n<div data-breakout=\"normal\">\n<p class=\"Is4xI aaZkV rIsue QMtOy\" dir=\"auto\" id=\"viewer-bmpf2\"><span class=\"vsfWl\"><span><strong>1. Mant\u00e9n una buena higiene bucal <\/strong>cep\u00edllate los dientes al menos dos veces al d\u00eda, durante 2 minutos y no descuides la limpieza interdental.<\/span><\/span><\/p>\n<\/div>\n<div type=\"paragraph\" data-hook=\"rcv-block52\"><\/div>\n<div data-breakout=\"normal\">\n<p class=\"Is4xI aaZkV rIsue QMtOy\" dir=\"auto\" id=\"viewer-fn1m8\"><span class=\"vsfWl\"><strong><span>2. Modera el consumo de alimentos y bebidas que manchan los dientes <\/span><\/strong>como el caf\u00e9, el vino tinto, el curry, etc.<\/span><\/p>\n<\/div>\n<div type=\"paragraph\" data-hook=\"rcv-block53\"><\/div>\n<div data-breakout=\"normal\">\n<p class=\"Is4xI aaZkV rIsue QMtOy\" dir=\"auto\" id=\"viewer-el4u1\"><span class=\"vsfWl\"><strong><span>3. Evita fumrar:<\/span><\/strong><span> Fumar no solo afecta tu salud general, sino que es una de las principales causas de manchas en los dientes..<\/span><\/span><\/p>\n<\/div>\n<div type=\"paragraph\" data-hook=\"rcv-block54\"><\/div>\n<div data-breakout=\"normal\">\n<p class=\"Is4xI aaZkV rIsue QMtOy\" dir=\"auto\"><span class=\"vsfWl\"><strong><span>4. <\/span><\/strong><\/span><strong>Realiza limpiezas profesionales regularmente<\/strong> para eliminar el sarro y las manchas superficiales que no pueden ser removidas con el cepillado diario.<\/p>\n<\/div>\n<div type=\"paragraph\" data-hook=\"rcv-block55\"><\/div>\n<div data-breakout=\"normal\">\n<p class=\"Is4xI aaZkV rIsue QMtOy\" dir=\"auto\" id=\"viewer-80ntb\"><span class=\"vsfWl\"><strong><span>5. Mantener tu boca hidratada <\/span><\/strong>estimula la producci\u00f3n de saliva, que ayuda a eliminar part\u00edculas de comida y bacterias.<\/span><\/p>\n<\/div>\n<\/div>[\/et_pb_text][\/et_pb_column][\/et_pb_row][\/et_pb_section][et_pb_section fb_built=\u00bb1&#8243; _builder_version=\u00bb4.27.2&#8243; _module_preset=\u00bbdefault\u00bb custom_padding=\u00bb0px||34px||false|false\u00bb da_disable_devices=\u00bboff|off|off\u00bb global_colors_info=\u00bb{}\u00bb da_is_popup=\u00bboff\u00bb da_exit_intent=\u00bboff\u00bb da_has_close=\u00bbon\u00bb da_alt_close=\u00bboff\u00bb da_dark_close=\u00bboff\u00bb da_not_modal=\u00bbon\u00bb da_is_singular=\u00bboff\u00bb da_with_loader=\u00bboff\u00bb da_has_shadow=\u00bbon\u00bb][et_pb_row _builder_version=\u00bb4.27.2&#8243; _module_preset=\u00bbdefault\u00bb custom_padding=\u00bb0px||0px||true|false\u00bb global_colors_info=\u00bb{}\u00bb][et_pb_column type=\u00bb4_4&#8243; _builder_version=\u00bb4.27.2&#8243; _module_preset=\u00bbdefault\u00bb global_colors_info=\u00bb{}\u00bb][et_pb_text _builder_version=\u00bb4.27.4&#8243; _module_preset=\u00bbdefault\u00bb text_font=\u00bb&#8211;et_global_body_font||||||||\u00bb text_font_size=\u00bb18px\u00bb text_line_height=\u00bb1.4em\u00bb text_orientation=\u00bbjustified\u00bb global_colors_info=\u00bb{}\u00bb]<p>En<span style=\"color: #0f402c;\"><strong><a href=\"https:\/\/dentaladameyespiga.com\/\" style=\"color: #0f402c;\"> Cl\u00ednica Dental Adame y Espiga<\/a> <\/strong><\/span>situada en Rivas Vaciamadrid, podemos ayudarte a conseguir una sonrisa m\u00e1s blanca y luminosa \u00a1D\u00e9jate asesorar por nuestro equipo!<\/p>[\/et_pb_text][et_pb_button button_url=\u00bb@ET-DC@eyJkeW5hbWljIjp0cnVlLCJjb250ZW50IjoicG9zdF9saW5rX3VybF9wYWdlIiwic2V0dGluZ3MiOnsicG9zdF9pZCI6IjM3MDgwNyJ9fQ==@\u00bb button_text=\u00bbValoraci\u00f3n Gratuita\u00bb button_alignment=\u00bbcenter\u00bb _builder_version=\u00bb4.27.4&#8243; _dynamic_attributes=\u00bbbutton_url\u00bb _module_preset=\u00bbdefault\u00bb custom_button=\u00bbon\u00bb button_text_color=\u00bb#0F402C\u00bb button_bg_color=\u00bbrgba(255,255,255,0.4)\u00bb button_border_color=\u00bb#0F402C\u00bb button_border_radius=\u00bb8px\u00bb button_font=\u00bbBelleza||||||||\u00bb custom_margin=\u00bb31px|||||\u00bb locked=\u00bboff\u00bb global_colors_info=\u00bb{}\u00bb][\/et_pb_button][\/et_pb_column][\/et_pb_row][\/et_pb_section]\n","protected":false},"excerpt":{"rendered":"<p>Cl\u00ednica Dental Adame y Espiga en Rivas-Vaciamadrid (Madrid) Si buscas una sonrisa m\u00e1s blanca y luminosa, est\u00e1s en el lugar adecuado. En nuestra cl\u00ednica dental en Rivas Vaciamadrid podemos ayudarte a rejuvenecer tu sonrisa con un blanqueamiento dental: un tratamiento efectivo, seguro y r\u00e1pido que rejuvenecer\u00e1 el aspecto de tu sonrisa consiguiendo unos dientes m\u00e1s [&hellip;]<\/p>\n","protected":false},"author":1,"featured_media":987513059,"comment_status":"open","ping_status":"open","sticky":false,"template":"","format":"standard","meta":{"_et_pb_use_builder":"on","_et_pb_old_content":"","_et_gb_content_width":"1080","footnotes":""},"categories":[11,9],"tags":[],"class_list":["post-987513051","post","type-post","status-publish","format-standard","has-post-thumbnail","hentry","category-estetica-dental","category-tratamientos-dentales"],"yoast_head":"<!-- This site is optimized with the Yoast SEO plugin v27.5 - https:\/\/yoast.com\/product\/yoast-seo-wordpress\/ -->\n<title>El Mejor Blanqueamiento Dental en Madrid y Rivas | Comparativa<\/title>\n<meta name=\"description\" content=\"\u00bfBuscas el mejor blanqueamiento dental en Madrid? Analizamos qu\u00e9 tratamientos funcionan de verdad, cu\u00e1les son seguros y por qu\u00e9 elegirnos en Rivas para tu sonrisa.\" \/>\n<meta name=\"robots\" content=\"index, follow, max-snippet:-1, max-image-preview:large, max-video-preview:-1\" \/>\n<link rel=\"canonical\" href=\"https:\/\/dentaladameyespiga.com\/mejor-blanqueamiento-dental-en-madrid\/\" \/>\n<meta property=\"og:locale\" content=\"es_ES\" \/>\n<meta property=\"og:type\" content=\"article\" \/>\n<meta property=\"og:title\" content=\"El Mejor Blanqueamiento Dental en Madrid y Rivas | Comparativa\" \/>\n<meta property=\"og:description\" content=\"\u00bfBuscas el mejor blanqueamiento dental en Madrid? Analizamos qu\u00e9 tratamientos funcionan de verdad, cu\u00e1les son seguros y por qu\u00e9 elegirnos en Rivas para tu sonrisa.\" \/>\n<meta property=\"og:url\" content=\"https:\/\/dentaladameyespiga.com\/mejor-blanqueamiento-dental-en-madrid\/\" \/>\n<meta property=\"og:site_name\" content=\"Cl\u00ednica Adame y Espiga\" \/>\n<meta property=\"article:publisher\" content=\"https:\/\/www.facebook.com\/dentaladameyespiga\/\" \/>\n<meta property=\"article:published_time\" content=\"2025-01-15T13:50:59+00:00\" \/>\n<meta property=\"article:modified_time\" content=\"2026-01-21T09:44:26+00:00\" \/>\n<meta property=\"og:image\" content=\"https:\/\/dentaladameyespiga.com\/wp-content\/uploads\/2025\/01\/Blanqueamiento_denta.png\" \/>\n\t<meta property=\"og:image:width\" content=\"1280\" \/>\n\t<meta property=\"og:image:height\" content=\"720\" \/>\n\t<meta property=\"og:image:type\" content=\"image\/png\" \/>\n<meta name=\"author\" content=\"admin\" \/>\n<meta name=\"twitter:card\" content=\"summary_large_image\" \/>\n<meta name=\"twitter:label1\" content=\"Escrito por\" \/>\n\t<meta name=\"twitter:data1\" content=\"admin\" \/>\n\t<meta name=\"twitter:label2\" content=\"Tiempo de lectura\" \/>\n\t<meta name=\"twitter:data2\" content=\"5 minutos\" \/>\n<script type=\"application\/ld+json\" class=\"yoast-schema-graph\">{\"@context\":\"https:\\\/\\\/schema.org\",\"@graph\":[{\"@type\":\"Article\",\"@id\":\"https:\\\/\\\/dentaladameyespiga.com\\\/mejor-blanqueamiento-dental-en-madrid\\\/#article\",\"isPartOf\":{\"@id\":\"https:\\\/\\\/dentaladameyespiga.com\\\/mejor-blanqueamiento-dental-en-madrid\\\/\"},\"author\":{\"name\":\"admin\",\"@id\":\"https:\\\/\\\/dentaladameyespiga.com\\\/#\\\/schema\\\/person\\\/c8b98512e2b6dea4ff70980be873271e\"},\"headline\":\"Mejor blanqueamiento dental en Madrid\",\"datePublished\":\"2025-01-15T13:50:59+00:00\",\"dateModified\":\"2026-01-21T09:44:26+00:00\",\"mainEntityOfPage\":{\"@id\":\"https:\\\/\\\/dentaladameyespiga.com\\\/mejor-blanqueamiento-dental-en-madrid\\\/\"},\"wordCount\":3105,\"commentCount\":0,\"publisher\":{\"@id\":\"https:\\\/\\\/dentaladameyespiga.com\\\/#organization\"},\"image\":{\"@id\":\"https:\\\/\\\/dentaladameyespiga.com\\\/mejor-blanqueamiento-dental-en-madrid\\\/#primaryimage\"},\"thumbnailUrl\":\"https:\\\/\\\/dentaladameyespiga.com\\\/wp-content\\\/uploads\\\/2025\\\/01\\\/Blanqueamiento_denta.png\",\"articleSection\":[\"Est\u00e9tica Dental\",\"Tratamientos Dentales\"],\"inLanguage\":\"es\",\"potentialAction\":[{\"@type\":\"CommentAction\",\"name\":\"Comment\",\"target\":[\"https:\\\/\\\/dentaladameyespiga.com\\\/mejor-blanqueamiento-dental-en-madrid\\\/#respond\"]}]},{\"@type\":\"WebPage\",\"@id\":\"https:\\\/\\\/dentaladameyespiga.com\\\/mejor-blanqueamiento-dental-en-madrid\\\/\",\"url\":\"https:\\\/\\\/dentaladameyespiga.com\\\/mejor-blanqueamiento-dental-en-madrid\\\/\",\"name\":\"El Mejor Blanqueamiento Dental en Madrid y Rivas | Comparativa\",\"isPartOf\":{\"@id\":\"https:\\\/\\\/dentaladameyespiga.com\\\/#website\"},\"primaryImageOfPage\":{\"@id\":\"https:\\\/\\\/dentaladameyespiga.com\\\/mejor-blanqueamiento-dental-en-madrid\\\/#primaryimage\"},\"image\":{\"@id\":\"https:\\\/\\\/dentaladameyespiga.com\\\/mejor-blanqueamiento-dental-en-madrid\\\/#primaryimage\"},\"thumbnailUrl\":\"https:\\\/\\\/dentaladameyespiga.com\\\/wp-content\\\/uploads\\\/2025\\\/01\\\/Blanqueamiento_denta.png\",\"datePublished\":\"2025-01-15T13:50:59+00:00\",\"dateModified\":\"2026-01-21T09:44:26+00:00\",\"description\":\"\u00bfBuscas el mejor blanqueamiento dental en Madrid? Analizamos qu\u00e9 tratamientos funcionan de verdad, cu\u00e1les son seguros y por qu\u00e9 elegirnos en Rivas para tu sonrisa.\",\"breadcrumb\":{\"@id\":\"https:\\\/\\\/dentaladameyespiga.com\\\/mejor-blanqueamiento-dental-en-madrid\\\/#breadcrumb\"},\"inLanguage\":\"es\",\"potentialAction\":[{\"@type\":\"ReadAction\",\"target\":[\"https:\\\/\\\/dentaladameyespiga.com\\\/mejor-blanqueamiento-dental-en-madrid\\\/\"]}]},{\"@type\":\"ImageObject\",\"inLanguage\":\"es\",\"@id\":\"https:\\\/\\\/dentaladameyespiga.com\\\/mejor-blanqueamiento-dental-en-madrid\\\/#primaryimage\",\"url\":\"https:\\\/\\\/dentaladameyespiga.com\\\/wp-content\\\/uploads\\\/2025\\\/01\\\/Blanqueamiento_denta.png\",\"contentUrl\":\"https:\\\/\\\/dentaladameyespiga.com\\\/wp-content\\\/uploads\\\/2025\\\/01\\\/Blanqueamiento_denta.png\",\"width\":1280,\"height\":720,\"caption\":\"Una imagen de un antes y despu\u00e9s de un blanqueamiento dental\"},{\"@type\":\"BreadcrumbList\",\"@id\":\"https:\\\/\\\/dentaladameyespiga.com\\\/mejor-blanqueamiento-dental-en-madrid\\\/#breadcrumb\",\"itemListElement\":[{\"@type\":\"ListItem\",\"position\":1,\"name\":\"Portada\",\"item\":\"https:\\\/\\\/dentaladameyespiga.com\\\/\"},{\"@type\":\"ListItem\",\"position\":2,\"name\":\"Mejor blanqueamiento dental en Madrid\"}]},{\"@type\":\"WebSite\",\"@id\":\"https:\\\/\\\/dentaladameyespiga.com\\\/#website\",\"url\":\"https:\\\/\\\/dentaladameyespiga.com\\\/\",\"name\":\"Cl\u00ednica Dental Adame y Espiga\",\"description\":\"Tu Cl\u00ednica Dental en Rivas-Vaciamadrid\",\"publisher\":{\"@id\":\"https:\\\/\\\/dentaladameyespiga.com\\\/#organization\"},\"potentialAction\":[{\"@type\":\"SearchAction\",\"target\":{\"@type\":\"EntryPoint\",\"urlTemplate\":\"https:\\\/\\\/dentaladameyespiga.com\\\/?s={search_term_string}\"},\"query-input\":{\"@type\":\"PropertyValueSpecification\",\"valueRequired\":true,\"valueName\":\"search_term_string\"}}],\"inLanguage\":\"es\"},{\"@type\":\"Organization\",\"@id\":\"https:\\\/\\\/dentaladameyespiga.com\\\/#organization\",\"name\":\"Cl\u00ednica Dental Adame y Espiga\",\"alternateName\":\"Dental Adame y Espiga\",\"url\":\"https:\\\/\\\/dentaladameyespiga.com\\\/\",\"logo\":{\"@type\":\"ImageObject\",\"inLanguage\":\"es\",\"@id\":\"https:\\\/\\\/dentaladameyespiga.com\\\/#\\\/schema\\\/logo\\\/image\\\/\",\"url\":\"https:\\\/\\\/dentaladameyespiga.com\\\/wp-content\\\/uploads\\\/2024\\\/09\\\/Sin-titulo-500-x-250-px.png\",\"contentUrl\":\"https:\\\/\\\/dentaladameyespiga.com\\\/wp-content\\\/uploads\\\/2024\\\/09\\\/Sin-titulo-500-x-250-px.png\",\"width\":500,\"height\":250,\"caption\":\"Cl\u00ednica Dental Adame y Espiga\"},\"image\":{\"@id\":\"https:\\\/\\\/dentaladameyespiga.com\\\/#\\\/schema\\\/logo\\\/image\\\/\"},\"sameAs\":[\"https:\\\/\\\/www.facebook.com\\\/dentaladameyespiga\\\/\",\"https:\\\/\\\/www.instagram.com\\\/dentaladameyespiga\\\/\"]},{\"@type\":\"Person\",\"@id\":\"https:\\\/\\\/dentaladameyespiga.com\\\/#\\\/schema\\\/person\\\/c8b98512e2b6dea4ff70980be873271e\",\"name\":\"admin\",\"image\":{\"@type\":\"ImageObject\",\"inLanguage\":\"es\",\"@id\":\"https:\\\/\\\/secure.gravatar.com\\\/avatar\\\/1d53d8656844751f3a31de1dd0cf0907279d4db72111ddedeb490f6e0ee3a5a0?s=96&d=mm&r=g\",\"url\":\"https:\\\/\\\/secure.gravatar.com\\\/avatar\\\/1d53d8656844751f3a31de1dd0cf0907279d4db72111ddedeb490f6e0ee3a5a0?s=96&d=mm&r=g\",\"contentUrl\":\"https:\\\/\\\/secure.gravatar.com\\\/avatar\\\/1d53d8656844751f3a31de1dd0cf0907279d4db72111ddedeb490f6e0ee3a5a0?s=96&d=mm&r=g\",\"caption\":\"admin\"},\"sameAs\":[\"https:\\\/\\\/dentaladameyespiga.com\"]}]}<\/script>\n<!-- \/ Yoast SEO plugin. -->","yoast_head_json":{"title":"El Mejor Blanqueamiento Dental en Madrid y Rivas | Comparativa","description":"\u00bfBuscas el mejor blanqueamiento dental en Madrid? Analizamos qu\u00e9 tratamientos funcionan de verdad, cu\u00e1les son seguros y por qu\u00e9 elegirnos en Rivas para tu sonrisa.","robots":{"index":"index","follow":"follow","max-snippet":"max-snippet:-1","max-image-preview":"max-image-preview:large","max-video-preview":"max-video-preview:-1"},"canonical":"https:\/\/dentaladameyespiga.com\/mejor-blanqueamiento-dental-en-madrid\/","og_locale":"es_ES","og_type":"article","og_title":"El Mejor Blanqueamiento Dental en Madrid y Rivas | Comparativa","og_description":"\u00bfBuscas el mejor blanqueamiento dental en Madrid? Analizamos qu\u00e9 tratamientos funcionan de verdad, cu\u00e1les son seguros y por qu\u00e9 elegirnos en Rivas para tu sonrisa.","og_url":"https:\/\/dentaladameyespiga.com\/mejor-blanqueamiento-dental-en-madrid\/","og_site_name":"Cl\u00ednica Adame y Espiga","article_publisher":"https:\/\/www.facebook.com\/dentaladameyespiga\/","article_published_time":"2025-01-15T13:50:59+00:00","article_modified_time":"2026-01-21T09:44:26+00:00","og_image":[{"width":1280,"height":720,"url":"https:\/\/dentaladameyespiga.com\/wp-content\/uploads\/2025\/01\/Blanqueamiento_denta.png","type":"image\/png"}],"author":"admin","twitter_card":"summary_large_image","twitter_misc":{"Escrito por":"admin","Tiempo de lectura":"5 minutos"},"schema":{"@context":"https:\/\/schema.org","@graph":[{"@type":"Article","@id":"https:\/\/dentaladameyespiga.com\/mejor-blanqueamiento-dental-en-madrid\/#article","isPartOf":{"@id":"https:\/\/dentaladameyespiga.com\/mejor-blanqueamiento-dental-en-madrid\/"},"author":{"name":"admin","@id":"https:\/\/dentaladameyespiga.com\/#\/schema\/person\/c8b98512e2b6dea4ff70980be873271e"},"headline":"Mejor blanqueamiento dental en Madrid","datePublished":"2025-01-15T13:50:59+00:00","dateModified":"2026-01-21T09:44:26+00:00","mainEntityOfPage":{"@id":"https:\/\/dentaladameyespiga.com\/mejor-blanqueamiento-dental-en-madrid\/"},"wordCount":3105,"commentCount":0,"publisher":{"@id":"https:\/\/dentaladameyespiga.com\/#organization"},"image":{"@id":"https:\/\/dentaladameyespiga.com\/mejor-blanqueamiento-dental-en-madrid\/#primaryimage"},"thumbnailUrl":"https:\/\/dentaladameyespiga.com\/wp-content\/uploads\/2025\/01\/Blanqueamiento_denta.png","articleSection":["Est\u00e9tica Dental","Tratamientos Dentales"],"inLanguage":"es","potentialAction":[{"@type":"CommentAction","name":"Comment","target":["https:\/\/dentaladameyespiga.com\/mejor-blanqueamiento-dental-en-madrid\/#respond"]}]},{"@type":"WebPage","@id":"https:\/\/dentaladameyespiga.com\/mejor-blanqueamiento-dental-en-madrid\/","url":"https:\/\/dentaladameyespiga.com\/mejor-blanqueamiento-dental-en-madrid\/","name":"El Mejor Blanqueamiento Dental en Madrid y Rivas | Comparativa","isPartOf":{"@id":"https:\/\/dentaladameyespiga.com\/#website"},"primaryImageOfPage":{"@id":"https:\/\/dentaladameyespiga.com\/mejor-blanqueamiento-dental-en-madrid\/#primaryimage"},"image":{"@id":"https:\/\/dentaladameyespiga.com\/mejor-blanqueamiento-dental-en-madrid\/#primaryimage"},"thumbnailUrl":"https:\/\/dentaladameyespiga.com\/wp-content\/uploads\/2025\/01\/Blanqueamiento_denta.png","datePublished":"2025-01-15T13:50:59+00:00","dateModified":"2026-01-21T09:44:26+00:00","description":"\u00bfBuscas el mejor blanqueamiento dental en Madrid? Analizamos qu\u00e9 tratamientos funcionan de verdad, cu\u00e1les son seguros y por qu\u00e9 elegirnos en Rivas para tu sonrisa.","breadcrumb":{"@id":"https:\/\/dentaladameyespiga.com\/mejor-blanqueamiento-dental-en-madrid\/#breadcrumb"},"inLanguage":"es","potentialAction":[{"@type":"ReadAction","target":["https:\/\/dentaladameyespiga.com\/mejor-blanqueamiento-dental-en-madrid\/"]}]},{"@type":"ImageObject","inLanguage":"es","@id":"https:\/\/dentaladameyespiga.com\/mejor-blanqueamiento-dental-en-madrid\/#primaryimage","url":"https:\/\/dentaladameyespiga.com\/wp-content\/uploads\/2025\/01\/Blanqueamiento_denta.png","contentUrl":"https:\/\/dentaladameyespiga.com\/wp-content\/uploads\/2025\/01\/Blanqueamiento_denta.png","width":1280,"height":720,"caption":"Una imagen de un antes y despu\u00e9s de un blanqueamiento dental"},{"@type":"BreadcrumbList","@id":"https:\/\/dentaladameyespiga.com\/mejor-blanqueamiento-dental-en-madrid\/#breadcrumb","itemListElement":[{"@type":"ListItem","position":1,"name":"Portada","item":"https:\/\/dentaladameyespiga.com\/"},{"@type":"ListItem","position":2,"name":"Mejor blanqueamiento dental en Madrid"}]},{"@type":"WebSite","@id":"https:\/\/dentaladameyespiga.com\/#website","url":"https:\/\/dentaladameyespiga.com\/","name":"Cl\u00ednica Dental Adame y Espiga","description":"Tu Cl\u00ednica Dental en Rivas-Vaciamadrid","publisher":{"@id":"https:\/\/dentaladameyespiga.com\/#organization"},"potentialAction":[{"@type":"SearchAction","target":{"@type":"EntryPoint","urlTemplate":"https:\/\/dentaladameyespiga.com\/?s={search_term_string}"},"query-input":{"@type":"PropertyValueSpecification","valueRequired":true,"valueName":"search_term_string"}}],"inLanguage":"es"},{"@type":"Organization","@id":"https:\/\/dentaladameyespiga.com\/#organization","name":"Cl\u00ednica Dental Adame y Espiga","alternateName":"Dental Adame y Espiga","url":"https:\/\/dentaladameyespiga.com\/","logo":{"@type":"ImageObject","inLanguage":"es","@id":"https:\/\/dentaladameyespiga.com\/#\/schema\/logo\/image\/","url":"https:\/\/dentaladameyespiga.com\/wp-content\/uploads\/2024\/09\/Sin-titulo-500-x-250-px.png","contentUrl":"https:\/\/dentaladameyespiga.com\/wp-content\/uploads\/2024\/09\/Sin-titulo-500-x-250-px.png","width":500,"height":250,"caption":"Cl\u00ednica Dental Adame y Espiga"},"image":{"@id":"https:\/\/dentaladameyespiga.com\/#\/schema\/logo\/image\/"},"sameAs":["https:\/\/www.facebook.com\/dentaladameyespiga\/","https:\/\/www.instagram.com\/dentaladameyespiga\/"]},{"@type":"Person","@id":"https:\/\/dentaladameyespiga.com\/#\/schema\/person\/c8b98512e2b6dea4ff70980be873271e","name":"admin","image":{"@type":"ImageObject","inLanguage":"es","@id":"https:\/\/secure.gravatar.com\/avatar\/1d53d8656844751f3a31de1dd0cf0907279d4db72111ddedeb490f6e0ee3a5a0?s=96&d=mm&r=g","url":"https:\/\/secure.gravatar.com\/avatar\/1d53d8656844751f3a31de1dd0cf0907279d4db72111ddedeb490f6e0ee3a5a0?s=96&d=mm&r=g","contentUrl":"https:\/\/secure.gravatar.com\/avatar\/1d53d8656844751f3a31de1dd0cf0907279d4db72111ddedeb490f6e0ee3a5a0?s=96&d=mm&r=g","caption":"admin"},"sameAs":["https:\/\/dentaladameyespiga.com"]}]}},"_links":{"self":[{"href":"https:\/\/dentaladameyespiga.com\/wp-json\/wp\/v2\/posts\/987513051","targetHints":{"allow":["GET"]}}],"collection":[{"href":"https:\/\/dentaladameyespiga.com\/wp-json\/wp\/v2\/posts"}],"about":[{"href":"https:\/\/dentaladameyespiga.com\/wp-json\/wp\/v2\/types\/post"}],"author":[{"embeddable":true,"href":"https:\/\/dentaladameyespiga.com\/wp-json\/wp\/v2\/users\/1"}],"replies":[{"embeddable":true,"href":"https:\/\/dentaladameyespiga.com\/wp-json\/wp\/v2\/comments?post=987513051"}],"version-history":[{"count":17,"href":"https:\/\/dentaladameyespiga.com\/wp-json\/wp\/v2\/posts\/987513051\/revisions"}],"predecessor-version":[{"id":987513732,"href":"https:\/\/dentaladameyespiga.com\/wp-json\/wp\/v2\/posts\/987513051\/revisions\/987513732"}],"wp:featuredmedia":[{"embeddable":true,"href":"https:\/\/dentaladameyespiga.com\/wp-json\/wp\/v2\/media\/987513059"}],"wp:attachment":[{"href":"https:\/\/dentaladameyespiga.com\/wp-json\/wp\/v2\/media?parent=987513051"}],"wp:term":[{"taxonomy":"category","embeddable":true,"href":"https:\/\/dentaladameyespiga.com\/wp-json\/wp\/v2\/categories?post=987513051"},{"taxonomy":"post_tag","embeddable":true,"href":"https:\/\/dentaladameyespiga.com\/wp-json\/wp\/v2\/tags?post=987513051"}],"curies":[{"name":"wp","href":"https:\/\/api.w.org\/{rel}","templated":true}]}}