{"id":987513533,"date":"2025-11-17T19:34:18","date_gmt":"2025-11-17T18:34:18","guid":{"rendered":"https:\/\/dentaladameyespiga.com\/?p=987513533"},"modified":"2026-02-18T10:08:49","modified_gmt":"2026-02-18T09:08:49","slug":"ortodoncia-invisible-adultos-salud-rivas","status":"publish","type":"post","link":"https:\/\/dentaladameyespiga.com\/ortodoncia-invisible-adultos-salud-rivas\/","title":{"rendered":"No es solo est\u00e9tica: 5 problemas de salud que corriges con la ortodoncia invisible a los 40"},"content":{"rendered":"<p>[et_pb_section fb_built=\u00bb1&#8243; _builder_version=\u00bb4.27.2&#8243; _module_preset=\u00bbdefault\u00bb custom_padding=\u00bb0px||0px||true|false\u00bb da_disable_devices=\u00bboff|off|off\u00bb global_colors_info=\u00bb{}\u00bb da_is_popup=\u00bboff\u00bb da_exit_intent=\u00bboff\u00bb da_has_close=\u00bbon\u00bb da_alt_close=\u00bboff\u00bb da_dark_close=\u00bboff\u00bb da_not_modal=\u00bbon\u00bb da_is_singular=\u00bboff\u00bb da_with_loader=\u00bboff\u00bb da_has_shadow=\u00bbon\u00bb][et_pb_row _builder_version=\u00bb4.27.0&#8243; _module_preset=\u00bbdefault\u00bb max_width=\u00bb1320px\u00bb custom_padding=\u00bb||0px||false|false\u00bb locked=\u00bboff\u00bb global_colors_info=\u00bb{}\u00bb][et_pb_column type=\u00bb4_4&#8243; _builder_version=\u00bb4.25.2&#8243; _module_preset=\u00bbdefault\u00bb global_colors_info=\u00bb{}\u00bb][et_pb_heading title=\u00bbNo es solo est\u00e9tica: 5 problemas de salud que corriges con la ortodoncia invisible a los 40&#8243; _builder_version=\u00bb4.27.4&#8243; _module_preset=\u00bb7a822d9c-a7d2-4558-84c9-19f256bdcf8b\u00bb title_font=\u00bbBelleza||||||||\u00bb title_text_align=\u00bbcenter\u00bb title_text_color=\u00bb#0F402C\u00bb title_font_size=\u00bb40px\u00bb custom_margin=\u00bb||10px||false|false\u00bb global_colors_info=\u00bb{}\u00bb][\/et_pb_heading][et_pb_divider color=\u00bb#E8E0D4&#8243; divider_weight=\u00bb3px\u00bb _builder_version=\u00bb4.27.2&#8243; _module_preset=\u00bbdefault\u00bb max_width=\u00bb15%\u00bb module_alignment=\u00bbcenter\u00bb custom_margin=\u00bb||0px||false|false\u00bb custom_padding=\u00bb||0px||false|false\u00bb global_colors_info=\u00bb{}\u00bb][\/et_pb_divider][et_pb_text _builder_version=\u00bb4.27.4&#8243; _module_preset=\u00bbdefault\u00bb text_font=\u00bb&#8211;et_global_body_font|300|on||||||\u00bb text_text_color=\u00bb#0F402C\u00bb text_font_size=\u00bb18px\u00bb text_line_height=\u00bb1.4em\u00bb header_2_font=\u00bb||||||||\u00bb header_2_text_color=\u00bb#0F402C\u00bb header_2_font_size=\u00bb20px\u00bb text_orientation=\u00bbcenter\u00bb global_colors_info=\u00bb{}\u00bb]<\/p>\n<h2>Tu cl\u00ednica dental en Rivas-Vaciamadrid (Madrid)<\/h2>\n<p>[\/et_pb_text][\/et_pb_column][\/et_pb_row][et_pb_row _builder_version=\u00bb4.27.4&#8243; _module_preset=\u00bbdefault\u00bb global_colors_info=\u00bb{}\u00bb][et_pb_column type=\u00bb4_4&#8243; _builder_version=\u00bb4.27.4&#8243; _module_preset=\u00bbdefault\u00bb global_colors_info=\u00bb{}\u00bb][et_pb_image src=\u00bbhttps:\/\/dentaladameyespiga.com\/wp-content\/uploads\/2025\/11\/Ortodoncia-en-adultos-Adame-Espiga.png\u00bb alt=\u00bbOrtodoncia en adultos Adame &#038; Espiga\u00bb title_text=\u00bbOrtodoncia en adultos Adame &#038; Espiga\u00bb align=\u00bbcenter\u00bb _builder_version=\u00bb4.27.4&#8243; _module_preset=\u00bbdefault\u00bb global_colors_info=\u00bb{}\u00bb][\/et_pb_image][\/et_pb_column][\/et_pb_row][et_pb_row _builder_version=\u00bb4.27.4&#8243; _module_preset=\u00bbdefault\u00bb custom_padding=\u00bb0px||||false|false\u00bb global_colors_info=\u00bb{}\u00bb][et_pb_column type=\u00bb4_4&#8243; _builder_version=\u00bb4.27.4&#8243; _module_preset=\u00bbdefault\u00bb global_colors_info=\u00bb{}\u00bb][et_pb_text _builder_version=\u00bb4.27.4&#8243; _module_preset=\u00bbdefault\u00bb text_font=\u00bb&#8211;et_global_body_font||||||||\u00bb text_font_size=\u00bb18px\u00bb text_line_height=\u00bb1.4em\u00bb text_orientation=\u00bbjustified\u00bb custom_margin=\u00bb||20px||false|false\u00bb global_colors_info=\u00bb{}\u00bb]<\/p>\n<div data-breakout=\"normal\">\n<p>Si vives en <strong>Rivas-Vaciamadrid<\/strong> y has pasado la barrera de los 35 o 40 a\u00f1os, es posible que al mirarte al espejo pienses: <em>\u00abMe gustar\u00eda tener los dientes mejor, pero a mi edad ya no me voy a poner aparato\u00bb.<\/em><\/p>\n<p>Existe una creencia muy extendida de que la ortodoncia en adultos es un capricho puramente est\u00e9tico. Sin embargo, en <strong>Cl\u00ednica Dental Adame &amp; Espiga<\/strong>, vemos cada d\u00eda c\u00f3mo corregir la posici\u00f3n de los dientes cambia la vida de nuestros pacientes, y no solo por tener una sonrisa bonita en las fotos.<\/p>\n<p>A los 40 a\u00f1os, la ortodoncia es, ante todo, una cuesti\u00f3n de <strong>salud, prevenci\u00f3n y calidad de vida<\/strong>. Hoy te contamos por qu\u00e9 alinear tus dientes ahora puede ahorrarte muchos problemas m\u00e9dicos en el futuro.<\/p>\n<\/div>\n<p>[\/et_pb_text][\/et_pb_column][\/et_pb_row][et_pb_row _builder_version=\u00bb4.27.4&#8243; _module_preset=\u00bbdefault\u00bb custom_padding=\u00bb0px||||false|false\u00bb locked=\u00bboff\u00bb global_colors_info=\u00bb{}\u00bb][et_pb_column type=\u00bb4_4&#8243; _builder_version=\u00bb4.27.4&#8243; _module_preset=\u00bbdefault\u00bb global_colors_info=\u00bb{}\u00bb][et_pb_text _builder_version=\u00bb4.27.4&#8243; _module_preset=\u00bbdefault\u00bb text_font=\u00bb&#8211;et_global_body_font||||||||\u00bb text_font_size=\u00bb18px\u00bb text_line_height=\u00bb1.4em\u00bb text_orientation=\u00bbjustified\u00bb global_colors_info=\u00bb{}\u00bb]<\/p>\n<div data-breakout=\"normal\">\n<p class=\"XkByg vaqC7 h8LWG WcxKu\" dir=\"auto\" id=\"viewer-8fnbi\" style=\"text-align: center;\"><strong><em>Valoraci\u00f3n Personalizada sin coste.<\/em><\/strong><\/p>\n<\/div>\n<div data-breakout=\"normal\">\n<div class=\"XkByg vaqC7 h8LWG WcxKu\" dir=\"auto\" id=\"viewer-6tti6\"><\/div>\n<\/div>\n<p>[\/et_pb_text][\/et_pb_column][\/et_pb_row][et_pb_row column_structure=\u00bb1_2,1_2&#8243; _builder_version=\u00bb4.27.0&#8243; _module_preset=\u00bbdefault\u00bb locked=\u00bboff\u00bb global_colors_info=\u00bb{}\u00bb][et_pb_column type=\u00bb1_2&#8243; _builder_version=\u00bb4.27.0&#8243; _module_preset=\u00bbdefault\u00bb global_colors_info=\u00bb{}\u00bb][et_pb_button button_url=\u00bbhttps:\/\/web.whatsapp.com\/send?phone=34648057528&#038;text=%C2%A1Hola!%20Me%20gustar%C3%ADa%20pedir%20una%20cita%20para&#8230;\u00bb url_new_window=\u00bbon\u00bb button_text=\u00bbWhatsApp\u00bb button_alignment=\u00bbright\u00bb _builder_version=\u00bb4.27.2&#8243; _module_preset=\u00bbdefault\u00bb custom_button=\u00bbon\u00bb button_text_color=\u00bb#0F402C\u00bb button_bg_color=\u00bbrgba(255,255,255,0.64)\u00bb button_border_color=\u00bb#0F402C\u00bb button_border_radius=\u00bb8px\u00bb button_font=\u00bbBelleza||||||||\u00bb button_icon=\u00bb&#x76;||divi||400&#8243; global_colors_info=\u00bb{}\u00bb][\/et_pb_button][\/et_pb_column][et_pb_column type=\u00bb1_2&#8243; _builder_version=\u00bb4.27.0&#8243; _module_preset=\u00bbdefault\u00bb global_colors_info=\u00bb{}\u00bb][et_pb_button button_url=\u00bb@ET-DC@eyJkeW5hbWljIjp0cnVlLCJjb250ZW50IjoicG9zdF9saW5rX3VybF9wYWdlIiwic2V0dGluZ3MiOnsicG9zdF9pZCI6IjM3MDgwNyJ9fQ==@\u00bb button_text=\u00bbTe llamamos\u00bb button_alignment=\u00bbleft\u00bb _builder_version=\u00bb4.27.2&#8243; _dynamic_attributes=\u00bbbutton_url\u00bb _module_preset=\u00bbdefault\u00bb custom_button=\u00bbon\u00bb button_text_color=\u00bb#0F402C\u00bb button_bg_color=\u00bbrgba(255,255,255,0.64)\u00bb button_border_color=\u00bb#0F402C\u00bb button_border_radius=\u00bb8px\u00bb button_font=\u00bbBelleza||||||||\u00bb button_icon=\u00bb&#xf879;||fa||900&#8243; global_colors_info=\u00bb{}\u00bb][\/et_pb_button][\/et_pb_column][\/et_pb_row][et_pb_row _builder_version=\u00bb4.27.4&#8243; _module_preset=\u00bbdefault\u00bb global_colors_info=\u00bb{}\u00bb][et_pb_column type=\u00bb4_4&#8243; _builder_version=\u00bb4.27.4&#8243; _module_preset=\u00bbdefault\u00bb global_colors_info=\u00bb{}\u00bb][et_pb_text _builder_version=\u00bb4.27.4&#8243; _module_preset=\u00bbdefault\u00bb text_font=\u00bb&#8211;et_global_heading_font||||||||\u00bb text_text_color=\u00bb#0F402C\u00bb text_font_size=\u00bb24px\u00bb text_line_height=\u00bb1.4em\u00bb header_2_text_color=\u00bb#0F402C\u00bb header_2_font_size=\u00bb28px\u00bb header_3_font_size=\u00bb28px\u00bb custom_margin=\u00bb||14px|||\u00bb global_colors_info=\u00bb{}\u00bb]<\/p>\n<h3>\u00bfPor qu\u00e9 se mueven los dientes con la edad?<\/h3>\n<p>[\/et_pb_text][et_pb_text _builder_version=\u00bb4.27.4&#8243; _module_preset=\u00bbdefault\u00bb text_font=\u00bb&#8211;et_global_body_font||||||||\u00bb text_font_size=\u00bb18px\u00bb text_line_height=\u00bb1.4em\u00bb text_orientation=\u00bbjustified\u00bb custom_margin=\u00bb||20px||false|false\u00bb global_colors_info=\u00bb{}\u00bb]<\/p>\n<div data-breakout=\"normal\">\n<p>Es importante entender que la boca no es est\u00e1tica. <strong>Con los a\u00f1os, los dientes tienden a desplazarse<\/strong> (generalmente hacia adelante), api\u00f1\u00e1ndose cada vez m\u00e1s. Adem\u00e1s, <strong>el desgaste natural de d\u00e9cadas masticando empieza a pasar factura si la \u00abmordida\u00bb no encaja perfectamente.<\/strong><\/p>\n<p>Aqu\u00ed es donde entra la <strong>ortodoncia invisible<\/strong>. Gracias a los alineadores transparentes, podemos corregir estos problemas de forma discreta, c\u00f3moda y compatible con tu vida laboral y social en Rivas.<\/p>\n<\/div>\n<p>[\/et_pb_text][\/et_pb_column][\/et_pb_row][et_pb_row _builder_version=\u00bb4.27.4&#8243; _module_preset=\u00bbdefault\u00bb custom_padding=\u00bb||0px||false|false\u00bb global_colors_info=\u00bb{}\u00bb][et_pb_column type=\u00bb4_4&#8243; _builder_version=\u00bb4.27.4&#8243; _module_preset=\u00bbdefault\u00bb global_colors_info=\u00bb{}\u00bb][et_pb_text _builder_version=\u00bb4.27.4&#8243; _module_preset=\u00bbdefault\u00bb text_font=\u00bb&#8211;et_global_heading_font||||||||\u00bb text_text_color=\u00bb#0F402C\u00bb text_font_size=\u00bb24px\u00bb text_line_height=\u00bb1.4em\u00bb header_2_text_color=\u00bb#0F402C\u00bb header_2_font_size=\u00bb28px\u00bb header_3_font_size=\u00bb28px\u00bb custom_margin=\u00bb||14px|||\u00bb global_colors_info=\u00bb{}\u00bb]<\/p>\n<h3>\u00bfPor qu\u00e9 elegir Ortodoncia Invisible en Rivas?<\/h3>\n<p>[\/et_pb_text][et_pb_text _builder_version=\u00bb4.27.4&#8243; _module_preset=\u00bbdefault\u00bb text_font=\u00bb&#8211;et_global_body_font||||||||\u00bb text_font_size=\u00bb18px\u00bb text_line_height=\u00bb1.4em\u00bb text_orientation=\u00bbjustified\u00bb custom_margin=\u00bb||20px||false|false\u00bb global_colors_info=\u00bb{}\u00bb]<\/p>\n<div data-breakout=\"normal\">\n<p>Sabemos que, como adulto, no te apetece llevar brackets met\u00e1licos tradicionales. En <strong>Adame &amp; Espiga<\/strong> apostamos por la tecnolog\u00eda de <strong>alineadores transparentes<\/strong> por tres razones clave para el paciente de Rivas:<\/p>\n<\/div>\n<p>[\/et_pb_text][\/et_pb_column][\/et_pb_row][et_pb_row column_structure=\u00bb1_2,1_2&#8243; _builder_version=\u00bb4.27.4&#8243; _module_preset=\u00bbdefault\u00bb custom_padding=\u00bb0px||0px||true|false\u00bb global_colors_info=\u00bb{}\u00bb][et_pb_column type=\u00bb1_2&#8243; _builder_version=\u00bb4.27.4&#8243; _module_preset=\u00bbdefault\u00bb global_colors_info=\u00bb{}\u00bb][et_pb_text _builder_version=\u00bb4.27.4&#8243; _module_preset=\u00bbdefault\u00bb text_font=\u00bb&#8211;et_global_body_font||||||||\u00bb text_font_size=\u00bb18px\u00bb text_line_height=\u00bb1.4em\u00bb text_orientation=\u00bbjustified\u00bb custom_margin=\u00bb||0px||false|false\u00bb custom_padding=\u00bb||||false|false\u00bb global_colors_info=\u00bb{}\u00bb]<\/p>\n<div data-breakout=\"normal\">\n<ul>\n<li class=\"p1\">\n<p><strong>Discreci\u00f3n absoluta:<\/strong> Son pr\u00e1cticamente imperceptibles. Nadie notar\u00e1 que los llevas, ni en el trabajo ni en una cena con amigos.<\/p>\n<\/li>\n<li class=\"p1\">\n<p><strong>Comodidad e Higiene:<\/strong> Son de \u00abquita y pon\u00bb. Te los quitas para comer (puedes comer lo que quieras) y para cepillarte los dientes.<\/p>\n<\/li>\n<li class=\"p1\">\n<p><strong>Menos visitas de urgencia:<\/strong> Al no haber alambres que pinchen ni brackets que se despeguen, las visitas a nuestra cl\u00ednica son r\u00e1pidas y espaciadas, ideal si tienes una agenda apretada.<\/p>\n<\/li>\n<\/ul>\n<\/div>\n<p>[\/et_pb_text][\/et_pb_column][et_pb_column type=\u00bb1_2&#8243; _builder_version=\u00bb4.27.4&#8243; _module_preset=\u00bbdefault\u00bb global_colors_info=\u00bb{}\u00bb][et_pb_image src=\u00bbhttps:\/\/dentaladameyespiga.com\/wp-content\/uploads\/2025\/11\/Ortodoncia-en-adultos-Adame-Espiga-02.png\u00bb alt=\u00bbOrtodoncia en adultos Adame &#038; Espiga 02&#8243; title_text=\u00bbOrtodoncia en adultos Adame &#038; Espiga 02&#8243; align=\u00bbcenter\u00bb _builder_version=\u00bb4.27.4&#8243; _module_preset=\u00bbdefault\u00bb global_colors_info=\u00bb{}\u00bb][\/et_pb_image][\/et_pb_column][\/et_pb_row][et_pb_row _builder_version=\u00bb4.27.4&#8243; _module_preset=\u00bbdefault\u00bb locked=\u00bboff\u00bb global_colors_info=\u00bb{}\u00bb][et_pb_column type=\u00bb4_4&#8243; _builder_version=\u00bb4.27.4&#8243; _module_preset=\u00bbdefault\u00bb global_colors_info=\u00bb{}\u00bb][et_pb_text _builder_version=\u00bb4.27.4&#8243; _module_preset=\u00bbdefault\u00bb text_font=\u00bb&#8211;et_global_body_font||||||||\u00bb text_font_size=\u00bb18px\u00bb text_line_height=\u00bb1.4em\u00bb text_orientation=\u00bbjustified\u00bb global_colors_info=\u00bb{}\u00bb]<\/p>\n<div data-breakout=\"normal\">\n<p class=\"XkByg vaqC7 h8LWG WcxKu\" dir=\"auto\" id=\"viewer-8fnbi\" style=\"text-align: center;\"><strong><em>Valoraci\u00f3n Personalizada sin coste.<\/em><\/strong><\/p>\n<\/div>\n<div data-breakout=\"normal\">\n<div class=\"XkByg vaqC7 h8LWG WcxKu\" dir=\"auto\" id=\"viewer-6tti6\"><\/div>\n<\/div>\n<p>[\/et_pb_text][\/et_pb_column][\/et_pb_row][et_pb_row column_structure=\u00bb1_2,1_2&#8243; _builder_version=\u00bb4.27.0&#8243; _module_preset=\u00bbdefault\u00bb locked=\u00bboff\u00bb global_colors_info=\u00bb{}\u00bb][et_pb_column type=\u00bb1_2&#8243; _builder_version=\u00bb4.27.0&#8243; _module_preset=\u00bbdefault\u00bb global_colors_info=\u00bb{}\u00bb][et_pb_button button_url=\u00bbhttps:\/\/web.whatsapp.com\/send?phone=34648057528&#038;text=%C2%A1Hola!%20Me%20gustar%C3%ADa%20pedir%20una%20cita%20para&#8230;\u00bb url_new_window=\u00bbon\u00bb button_text=\u00bbWhatsApp\u00bb button_alignment=\u00bbright\u00bb _builder_version=\u00bb4.27.2&#8243; _module_preset=\u00bbdefault\u00bb custom_button=\u00bbon\u00bb button_text_color=\u00bb#0F402C\u00bb button_bg_color=\u00bbrgba(255,255,255,0.64)\u00bb button_border_color=\u00bb#0F402C\u00bb button_border_radius=\u00bb8px\u00bb button_font=\u00bbBelleza||||||||\u00bb button_icon=\u00bb&#x76;||divi||400&#8243; global_colors_info=\u00bb{}\u00bb][\/et_pb_button][\/et_pb_column][et_pb_column type=\u00bb1_2&#8243; _builder_version=\u00bb4.27.0&#8243; _module_preset=\u00bbdefault\u00bb global_colors_info=\u00bb{}\u00bb][et_pb_button button_url=\u00bb@ET-DC@eyJkeW5hbWljIjp0cnVlLCJjb250ZW50IjoicG9zdF9saW5rX3VybF9wYWdlIiwic2V0dGluZ3MiOnsicG9zdF9pZCI6IjM3MDgwNyJ9fQ==@\u00bb button_text=\u00bbTe llamamos\u00bb button_alignment=\u00bbleft\u00bb _builder_version=\u00bb4.27.2&#8243; _dynamic_attributes=\u00bbbutton_url\u00bb _module_preset=\u00bbdefault\u00bb custom_button=\u00bbon\u00bb button_text_color=\u00bb#0F402C\u00bb button_bg_color=\u00bbrgba(255,255,255,0.64)\u00bb button_border_color=\u00bb#0F402C\u00bb button_border_radius=\u00bb8px\u00bb button_font=\u00bbBelleza||||||||\u00bb button_icon=\u00bb&#xf879;||fa||900&#8243; global_colors_info=\u00bb{}\u00bb][\/et_pb_button][\/et_pb_column][\/et_pb_row][et_pb_row _builder_version=\u00bb4.27.4&#8243; _module_preset=\u00bbdefault\u00bb global_colors_info=\u00bb{}\u00bb][et_pb_column type=\u00bb4_4&#8243; _builder_version=\u00bb4.27.4&#8243; _module_preset=\u00bbdefault\u00bb global_colors_info=\u00bb{}\u00bb][et_pb_text _builder_version=\u00bb4.27.4&#8243; _module_preset=\u00bbdefault\u00bb text_font=\u00bb&#8211;et_global_heading_font||||||||\u00bb text_text_color=\u00bb#0F402C\u00bb text_font_size=\u00bb24px\u00bb text_line_height=\u00bb1.4em\u00bb header_2_text_color=\u00bb#0F402C\u00bb header_2_font_size=\u00bb28px\u00bb custom_margin=\u00bb||14px|||\u00bb global_colors_info=\u00bb{}\u00bb]<\/p>\n<h2>Invierte en tu salud futura<\/h2>\n<p>[\/et_pb_text][et_pb_text _builder_version=\u00bb4.27.5&#8243; _module_preset=\u00bbdefault\u00bb text_font=\u00bb&#8211;et_global_body_font||||||||\u00bb text_font_size=\u00bb18px\u00bb text_line_height=\u00bb1.4em\u00bb text_orientation=\u00bbjustified\u00bb custom_margin=\u00bb||20px||false|false\u00bb hover_enabled=\u00bb0&#8243; global_colors_info=\u00bb{}\u00bb sticky_enabled=\u00bb0&#8243;]<\/p>\n<div data-breakout=\"normal\">\n<p>Nunca es tarde para cuidarse. De hecho, <strong>los 40 son el momento perfecto para prevenir los problemas de la vejez.<\/strong><\/p>\n<p>Si vives en <strong>Rivas-Vaciamadrid o alrededores<\/strong> y quieres saber si la ortodoncia invisible puede mejorar tu salud (y de paso, regalarte una sonrisa espectacular), ven a vernos.<\/p>\n<p><strong>En Cl\u00ednica Dental Adame &amp; Espiga realizaremos un esc\u00e1ner digital de tu boca para que veas, antes de empezar, c\u00f3mo quedar\u00e1 tu sonrisa y c\u00f3mo mejorar\u00e1 tu mordida.<\/strong><\/p>\n<p>\u00bfTe preocupa tambi\u00e9n la boca de tus hijos? Descubre cu\u00e1l es la edad ideal para su primera revisi\u00f3n de <a href=\"https:\/\/dentaladameyespiga.com\/index.php\/2026\/02\/18\/ortodoncia-infantil-en-rivas-a-que-edad-debo-llevar-a-mi-hijo\/\" target=\"_blank\" rel=\"noopener\">ortodoncia<\/a>.<\/p>\n<\/div>\n<p>[\/et_pb_text][\/et_pb_column][\/et_pb_row][et_pb_row _builder_version=\u00bb4.27.4&#8243; _module_preset=\u00bbdefault\u00bb custom_padding=\u00bb0px||||false|false\u00bb global_colors_info=\u00bb{}\u00bb][et_pb_column type=\u00bb4_4&#8243; _builder_version=\u00bb4.27.4&#8243; _module_preset=\u00bbdefault\u00bb global_colors_info=\u00bb{}\u00bb][et_pb_text _builder_version=\u00bb4.27.4&#8243; _module_preset=\u00bbdefault\u00bb text_font=\u00bb&#8211;et_global_heading_font||||||||\u00bb text_text_color=\u00bb#0F402C\u00bb text_font_size=\u00bb24px\u00bb text_line_height=\u00bb1.4em\u00bb header_2_text_color=\u00bb#0F402C\u00bb header_2_font_size=\u00bb28px\u00bb header_4_font_size=\u00bb28px\u00bb custom_margin=\u00bb||14px|||\u00bb global_colors_info=\u00bb{}\u00bb]<\/p>\n<h4>Preguntas frecuentes sobre ortodoncia en adultos<\/h4>\n<p>[\/et_pb_text][et_pb_text _builder_version=\u00bb4.27.4&#8243; _module_preset=\u00bbdefault\u00bb text_font=\u00bb&#8211;et_global_body_font||||||||\u00bb text_font_size=\u00bb18px\u00bb text_line_height=\u00bb1.4em\u00bb link_font=\u00bb&#8211;et_global_body_font||||||||\u00bb link_text_color=\u00bb#225555&#8243; text_orientation=\u00bbjustified\u00bb custom_margin=\u00bb||20px||false|false\u00bb global_colors_info=\u00bb{}\u00bb]<\/p>\n<div data-breakout=\"normal\">\n<p><span style=\"text-decoration: underline;\"><strong>\u00bfAfectar\u00e1 a mi forma de hablar en el trabajo? <\/strong><\/span><\/p>\n<p>Es la preocupaci\u00f3n n\u00famero uno. Al fin y al cabo, tienes reuniones, llamadas o tratas con clientes. La respuesta es tranquilizadora: <strong>el periodo de adaptaci\u00f3n es m\u00ednimo<\/strong>. Es posible que notes una ligera sensaci\u00f3n de \u00abceceo\u00bb durante las primeras 24 o 48 horas, pero tu lengua se acostumbra rapid\u00edsimo. Adem\u00e1s, la gran ventaja de los alineadores es que, si tienes una presentaci\u00f3n crucial o una boda,<strong> puedes quit\u00e1rtelos puntualmente<\/strong> durante esa hora. T\u00fa tienes el control.<\/p>\n<p><span style=\"text-decoration: underline;\"><strong>\u00bfCu\u00e1nto tiempo dura el tratamiento? \u00bfSer\u00e1n a\u00f1os?<\/strong><\/span><\/p>\n<p>Muchos adultos creen que necesitar\u00e1n llevar aparato 3 o 4 a\u00f1os, y eso les frena. Sin embargo, en adultos, a menudo buscamos objetivos funcionales y est\u00e9ticos concretos que pueden resolverse en menos tiempo. Aunque cada caso en <strong>Adame &amp; Espiga<\/strong> es \u00fanico, la media de tratamiento con ortodoncia invisible suele oscilar entre los <strong>12 y 18 meses<\/strong>. Adem\u00e1s, gracias a la tecnolog\u00eda digital, podemos predecir la duraci\u00f3n con mucha exactitud desde el primer d\u00eda.<\/p>\n<p><span style=\"text-decoration: underline;\"><strong>\u00bfEs doloroso mover los dientes \u00aba mi edad\u00bb? <\/strong><\/span><\/p>\n<p>Rotundamente no. De hecho, la ortodoncia invisible es <strong>mucho m\u00e1s suave que los brackets tradicionales<\/strong>. Al no llevar metales ni alambres, te olvidas de las temidas llagas o rozaduras en las mejillas. Lo que sentir\u00e1s es una ligera sensaci\u00f3n de presi\u00f3n cada vez que cambies de alineador (cada 7 o 10 d\u00edas), lo cual es se\u00f1al de que los dientes se est\u00e1n moviendo correctamente hacia su posici\u00f3n de salud.<\/p>\n<\/div>\n<p>[\/et_pb_text][\/et_pb_column][\/et_pb_row][\/et_pb_section][et_pb_section fb_built=\u00bb1&#8243; _builder_version=\u00bb4.27.2&#8243; _module_preset=\u00bbdefault\u00bb custom_padding=\u00bb0px||34px||false|false\u00bb da_disable_devices=\u00bboff|off|off\u00bb global_colors_info=\u00bb{}\u00bb da_is_popup=\u00bboff\u00bb da_exit_intent=\u00bboff\u00bb da_has_close=\u00bbon\u00bb da_alt_close=\u00bboff\u00bb da_dark_close=\u00bboff\u00bb da_not_modal=\u00bbon\u00bb da_is_singular=\u00bboff\u00bb da_with_loader=\u00bboff\u00bb da_has_shadow=\u00bbon\u00bb][et_pb_row column_structure=\u00bb1_2,1_2&#8243; _builder_version=\u00bb4.27.4&#8243; _module_preset=\u00bbdefault\u00bb custom_margin=\u00bb20px||||false|false\u00bb custom_padding=\u00bb0px||0px||true|false\u00bb global_colors_info=\u00bb{}\u00bb][et_pb_column type=\u00bb1_2&#8243; _builder_version=\u00bb4.27.2&#8243; _module_preset=\u00bbdefault\u00bb global_colors_info=\u00bb{}\u00bb][et_pb_text _builder_version=\u00bb4.27.5&#8243; _module_preset=\u00bbdefault\u00bb text_font=\u00bb&#8211;et_global_heading_font||||||||\u00bb text_text_color=\u00bb#0F402C\u00bb text_font_size=\u00bb24px\u00bb text_line_height=\u00bb1.4em\u00bb header_2_text_color=\u00bb#0F402C\u00bb header_3_text_color=\u00bb#0F402C\u00bb header_3_font_size=\u00bb26px\u00bb custom_margin=\u00bb||14px|||\u00bb global_colors_info=\u00bb{}\u00bb]<\/p>\n<h3>Tu Cl\u00ednica Dental de Confianza para tu tratamiento de ortodoncia en Rivas Vaciamadrid<\/h3>\n<p>[\/et_pb_text][et_pb_text _builder_version=\u00bb4.27.4&#8243; _module_preset=\u00bbdefault\u00bb text_font=\u00bb&#8211;et_global_body_font||||||||\u00bb text_font_size=\u00bb17px\u00bb text_line_height=\u00bb1.4em\u00bb link_font=\u00bb||||on||||\u00bb link_text_color=\u00bb#0F402C\u00bb text_orientation=\u00bbjustified\u00bb global_colors_info=\u00bb{}\u00bb]<\/p>\n<div data-breakout=\"normal\">\n<p class=\"XkByg vaqC7 h8LWG WcxKu\" dir=\"auto\">En nuestra <a href=\"https:\/\/dentaladameyespiga.com\/\">Cl\u00ednica Dental en Rivas-Vaciamadrid (Madrid)<\/a>, ofrecemos todos los tratamientos necesarios para cuidar de tu sonrisa utilizando tecnolog\u00eda de vanguardia y las t\u00e9cnicas m\u00e1s avanzadas. <strong>Nuestro objetivo es cuidar de la salud de tu boca.<\/strong><\/p>\n<\/div>\n<p>[\/et_pb_text][et_pb_text _builder_version=\u00bb4.27.4&#8243; _module_preset=\u00bbdefault\u00bb text_font=\u00bb&#8211;et_global_body_font||||||||\u00bb text_font_size=\u00bb18px\u00bb text_line_height=\u00bb1.4em\u00bb text_orientation=\u00bbjustified\u00bb custom_margin=\u00bb27px|||||\u00bb global_colors_info=\u00bb{}\u00bb]<\/p>\n<p style=\"text-align: center;\"><span>Para cualquier duda o consulta, puedes ponerte en contacto con nosotros en el <strong>648 05 75 28 o visitarnos en P.\u00ba de las Provincias, N\u00b0 7, Local 1, 28522 Rivas-Vaciamadrid, Madrid.\u00a0<\/strong><\/span><\/p>\n<p>[\/et_pb_text][et_pb_button button_url=\u00bb@ET-DC@eyJkeW5hbWljIjp0cnVlLCJjb250ZW50IjoicG9zdF9saW5rX3VybF9wYWdlIiwic2V0dGluZ3MiOnsicG9zdF9pZCI6IjM3MDgwNyJ9fQ==@\u00bb button_text=\u00bbTe llamamos\u00bb button_alignment=\u00bbcenter\u00bb _builder_version=\u00bb4.27.4&#8243; _dynamic_attributes=\u00bbbutton_url\u00bb _module_preset=\u00bbdefault\u00bb custom_button=\u00bbon\u00bb button_text_color=\u00bb#0F402C\u00bb button_bg_color=\u00bbrgba(255,255,255,0.64)\u00bb button_border_color=\u00bb#0F402C\u00bb button_border_radius=\u00bb8px\u00bb button_font=\u00bbBelleza||||||||\u00bb button_icon=\u00bb&#xf879;||fa||900&#8243; global_colors_info=\u00bb{}\u00bb][\/et_pb_button][\/et_pb_column][et_pb_column type=\u00bb1_2&#8243; _builder_version=\u00bb4.27.2&#8243; _module_preset=\u00bbdefault\u00bb global_colors_info=\u00bb{}\u00bb][et_pb_image src=\u00bbhttps:\/\/dentaladameyespiga.com\/wp-content\/uploads\/2024\/09\/4-4.png\u00bb title_text=\u00bb4&#8243; _builder_version=\u00bb4.27.4&#8243; _module_preset=\u00bbdefault\u00bb global_colors_info=\u00bb{}\u00bb][\/et_pb_image][\/et_pb_column][\/et_pb_row][\/et_pb_section]<\/p>\n","protected":false},"excerpt":{"rendered":"<p>Tu cl\u00ednica dental en Rivas-Vaciamadrid (Madrid) Si vives en Rivas-Vaciamadrid y has pasado la barrera de los 35 o 40 a\u00f1os, es posible que al mirarte al espejo pienses: \u00abMe gustar\u00eda tener los dientes mejor, pero a mi edad ya no me voy a poner aparato\u00bb. Existe una creencia muy extendida de que la ortodoncia [&hellip;]<\/p>\n","protected":false},"author":1,"featured_media":987513548,"comment_status":"closed","ping_status":"open","sticky":false,"template":"","format":"standard","meta":{"_et_pb_use_builder":"on","_et_pb_old_content":"","_et_gb_content_width":"1080","footnotes":""},"categories":[17],"tags":[],"class_list":["post-987513533","post","type-post","status-publish","format-standard","has-post-thumbnail","hentry","category-ortodoncia"],"yoast_head":"<!-- This site is optimized with the Yoast SEO plugin v27.5 - https:\/\/yoast.com\/product\/yoast-seo-wordpress\/ -->\n<title>Ortodoncia invisible a los 40 en Rivas: 5 beneficios de salud m\u00e1s all\u00e1 de la est\u00e9tica | Adame &amp; Espiga<\/title>\n<meta name=\"description\" content=\"\u00bfPiensas que la ortodoncia es solo para ni\u00f1os? Descubre c\u00f3mo los alineadores invisibles mejoran tu salud, evitan el desgaste y eliminan dolores en Rivas-Vaciamadrid.\" \/>\n<meta name=\"robots\" content=\"index, follow, max-snippet:-1, max-image-preview:large, max-video-preview:-1\" \/>\n<link rel=\"canonical\" href=\"https:\/\/dentaladameyespiga.com\/ortodoncia-invisible-adultos-salud-rivas\/\" \/>\n<meta property=\"og:locale\" content=\"es_ES\" \/>\n<meta property=\"og:type\" content=\"article\" \/>\n<meta property=\"og:title\" content=\"Ortodoncia invisible a los 40 en Rivas: 5 beneficios de salud m\u00e1s all\u00e1 de la est\u00e9tica | Adame &amp; Espiga\" \/>\n<meta property=\"og:description\" content=\"\u00bfPiensas que la ortodoncia es solo para ni\u00f1os? Descubre c\u00f3mo los alineadores invisibles mejoran tu salud, evitan el desgaste y eliminan dolores en Rivas-Vaciamadrid.\" \/>\n<meta property=\"og:url\" content=\"https:\/\/dentaladameyespiga.com\/ortodoncia-invisible-adultos-salud-rivas\/\" \/>\n<meta property=\"og:site_name\" content=\"Cl\u00ednica Adame y Espiga\" \/>\n<meta property=\"article:publisher\" content=\"https:\/\/www.facebook.com\/dentaladameyespiga\/\" \/>\n<meta property=\"article:published_time\" content=\"2025-11-17T18:34:18+00:00\" \/>\n<meta property=\"article:modified_time\" content=\"2026-02-18T09:08:49+00:00\" \/>\n<meta property=\"og:image\" content=\"https:\/\/dentaladameyespiga.com\/wp-content\/uploads\/2025\/11\/Ortodoncia-en-adultos-Adame-Espiga.png\" \/>\n\t<meta property=\"og:image:width\" content=\"1920\" \/>\n\t<meta property=\"og:image:height\" content=\"1080\" \/>\n\t<meta property=\"og:image:type\" content=\"image\/png\" \/>\n<meta name=\"author\" content=\"admin\" \/>\n<meta name=\"twitter:card\" content=\"summary_large_image\" \/>\n<meta name=\"twitter:label1\" content=\"Escrito por\" \/>\n\t<meta name=\"twitter:data1\" content=\"admin\" \/>\n\t<meta name=\"twitter:label2\" content=\"Tiempo de lectura\" \/>\n\t<meta name=\"twitter:data2\" content=\"5 minutos\" \/>\n<script type=\"application\/ld+json\" class=\"yoast-schema-graph\">{\"@context\":\"https:\\\/\\\/schema.org\",\"@graph\":[{\"@type\":\"Article\",\"@id\":\"https:\\\/\\\/dentaladameyespiga.com\\\/ortodoncia-invisible-adultos-salud-rivas\\\/#article\",\"isPartOf\":{\"@id\":\"https:\\\/\\\/dentaladameyespiga.com\\\/ortodoncia-invisible-adultos-salud-rivas\\\/\"},\"author\":{\"name\":\"admin\",\"@id\":\"https:\\\/\\\/dentaladameyespiga.com\\\/#\\\/schema\\\/person\\\/c8b98512e2b6dea4ff70980be873271e\"},\"headline\":\"No es solo est\u00e9tica: 5 problemas de salud que corriges con la ortodoncia invisible a los 40\",\"datePublished\":\"2025-11-17T18:34:18+00:00\",\"dateModified\":\"2026-02-18T09:08:49+00:00\",\"mainEntityOfPage\":{\"@id\":\"https:\\\/\\\/dentaladameyespiga.com\\\/ortodoncia-invisible-adultos-salud-rivas\\\/\"},\"wordCount\":2671,\"publisher\":{\"@id\":\"https:\\\/\\\/dentaladameyespiga.com\\\/#organization\"},\"image\":{\"@id\":\"https:\\\/\\\/dentaladameyespiga.com\\\/ortodoncia-invisible-adultos-salud-rivas\\\/#primaryimage\"},\"thumbnailUrl\":\"https:\\\/\\\/dentaladameyespiga.com\\\/wp-content\\\/uploads\\\/2025\\\/11\\\/Ortodoncia-en-adultos-Adame-Espiga.png\",\"articleSection\":[\"Ortodoncia\"],\"inLanguage\":\"es\"},{\"@type\":\"WebPage\",\"@id\":\"https:\\\/\\\/dentaladameyespiga.com\\\/ortodoncia-invisible-adultos-salud-rivas\\\/\",\"url\":\"https:\\\/\\\/dentaladameyespiga.com\\\/ortodoncia-invisible-adultos-salud-rivas\\\/\",\"name\":\"Ortodoncia invisible a los 40 en Rivas: 5 beneficios de salud m\u00e1s all\u00e1 de la est\u00e9tica | Adame & Espiga\",\"isPartOf\":{\"@id\":\"https:\\\/\\\/dentaladameyespiga.com\\\/#website\"},\"primaryImageOfPage\":{\"@id\":\"https:\\\/\\\/dentaladameyespiga.com\\\/ortodoncia-invisible-adultos-salud-rivas\\\/#primaryimage\"},\"image\":{\"@id\":\"https:\\\/\\\/dentaladameyespiga.com\\\/ortodoncia-invisible-adultos-salud-rivas\\\/#primaryimage\"},\"thumbnailUrl\":\"https:\\\/\\\/dentaladameyespiga.com\\\/wp-content\\\/uploads\\\/2025\\\/11\\\/Ortodoncia-en-adultos-Adame-Espiga.png\",\"datePublished\":\"2025-11-17T18:34:18+00:00\",\"dateModified\":\"2026-02-18T09:08:49+00:00\",\"description\":\"\u00bfPiensas que la ortodoncia es solo para ni\u00f1os? Descubre c\u00f3mo los alineadores invisibles mejoran tu salud, evitan el desgaste y eliminan dolores en Rivas-Vaciamadrid.\",\"breadcrumb\":{\"@id\":\"https:\\\/\\\/dentaladameyespiga.com\\\/ortodoncia-invisible-adultos-salud-rivas\\\/#breadcrumb\"},\"inLanguage\":\"es\",\"potentialAction\":[{\"@type\":\"ReadAction\",\"target\":[\"https:\\\/\\\/dentaladameyespiga.com\\\/ortodoncia-invisible-adultos-salud-rivas\\\/\"]}]},{\"@type\":\"ImageObject\",\"inLanguage\":\"es\",\"@id\":\"https:\\\/\\\/dentaladameyespiga.com\\\/ortodoncia-invisible-adultos-salud-rivas\\\/#primaryimage\",\"url\":\"https:\\\/\\\/dentaladameyespiga.com\\\/wp-content\\\/uploads\\\/2025\\\/11\\\/Ortodoncia-en-adultos-Adame-Espiga.png\",\"contentUrl\":\"https:\\\/\\\/dentaladameyespiga.com\\\/wp-content\\\/uploads\\\/2025\\\/11\\\/Ortodoncia-en-adultos-Adame-Espiga.png\",\"width\":1920,\"height\":1080},{\"@type\":\"BreadcrumbList\",\"@id\":\"https:\\\/\\\/dentaladameyespiga.com\\\/ortodoncia-invisible-adultos-salud-rivas\\\/#breadcrumb\",\"itemListElement\":[{\"@type\":\"ListItem\",\"position\":1,\"name\":\"Portada\",\"item\":\"https:\\\/\\\/dentaladameyespiga.com\\\/\"},{\"@type\":\"ListItem\",\"position\":2,\"name\":\"No es solo est\u00e9tica: 5 problemas de salud que corriges con la ortodoncia invisible a los 40\"}]},{\"@type\":\"WebSite\",\"@id\":\"https:\\\/\\\/dentaladameyespiga.com\\\/#website\",\"url\":\"https:\\\/\\\/dentaladameyespiga.com\\\/\",\"name\":\"Cl\u00ednica Dental Adame y Espiga\",\"description\":\"Tu Cl\u00ednica Dental en Rivas-Vaciamadrid\",\"publisher\":{\"@id\":\"https:\\\/\\\/dentaladameyespiga.com\\\/#organization\"},\"potentialAction\":[{\"@type\":\"SearchAction\",\"target\":{\"@type\":\"EntryPoint\",\"urlTemplate\":\"https:\\\/\\\/dentaladameyespiga.com\\\/?s={search_term_string}\"},\"query-input\":{\"@type\":\"PropertyValueSpecification\",\"valueRequired\":true,\"valueName\":\"search_term_string\"}}],\"inLanguage\":\"es\"},{\"@type\":\"Organization\",\"@id\":\"https:\\\/\\\/dentaladameyespiga.com\\\/#organization\",\"name\":\"Cl\u00ednica Dental Adame y Espiga\",\"alternateName\":\"Dental Adame y Espiga\",\"url\":\"https:\\\/\\\/dentaladameyespiga.com\\\/\",\"logo\":{\"@type\":\"ImageObject\",\"inLanguage\":\"es\",\"@id\":\"https:\\\/\\\/dentaladameyespiga.com\\\/#\\\/schema\\\/logo\\\/image\\\/\",\"url\":\"https:\\\/\\\/dentaladameyespiga.com\\\/wp-content\\\/uploads\\\/2024\\\/09\\\/Sin-titulo-500-x-250-px.png\",\"contentUrl\":\"https:\\\/\\\/dentaladameyespiga.com\\\/wp-content\\\/uploads\\\/2024\\\/09\\\/Sin-titulo-500-x-250-px.png\",\"width\":500,\"height\":250,\"caption\":\"Cl\u00ednica Dental Adame y Espiga\"},\"image\":{\"@id\":\"https:\\\/\\\/dentaladameyespiga.com\\\/#\\\/schema\\\/logo\\\/image\\\/\"},\"sameAs\":[\"https:\\\/\\\/www.facebook.com\\\/dentaladameyespiga\\\/\",\"https:\\\/\\\/www.instagram.com\\\/dentaladameyespiga\\\/\"]},{\"@type\":\"Person\",\"@id\":\"https:\\\/\\\/dentaladameyespiga.com\\\/#\\\/schema\\\/person\\\/c8b98512e2b6dea4ff70980be873271e\",\"name\":\"admin\",\"image\":{\"@type\":\"ImageObject\",\"inLanguage\":\"es\",\"@id\":\"https:\\\/\\\/secure.gravatar.com\\\/avatar\\\/1d53d8656844751f3a31de1dd0cf0907279d4db72111ddedeb490f6e0ee3a5a0?s=96&d=mm&r=g\",\"url\":\"https:\\\/\\\/secure.gravatar.com\\\/avatar\\\/1d53d8656844751f3a31de1dd0cf0907279d4db72111ddedeb490f6e0ee3a5a0?s=96&d=mm&r=g\",\"contentUrl\":\"https:\\\/\\\/secure.gravatar.com\\\/avatar\\\/1d53d8656844751f3a31de1dd0cf0907279d4db72111ddedeb490f6e0ee3a5a0?s=96&d=mm&r=g\",\"caption\":\"admin\"},\"sameAs\":[\"https:\\\/\\\/dentaladameyespiga.com\"]}]}<\/script>\n<!-- \/ Yoast SEO plugin. -->","yoast_head_json":{"title":"Ortodoncia invisible a los 40 en Rivas: 5 beneficios de salud m\u00e1s all\u00e1 de la est\u00e9tica | Adame & Espiga","description":"\u00bfPiensas que la ortodoncia es solo para ni\u00f1os? Descubre c\u00f3mo los alineadores invisibles mejoran tu salud, evitan el desgaste y eliminan dolores en Rivas-Vaciamadrid.","robots":{"index":"index","follow":"follow","max-snippet":"max-snippet:-1","max-image-preview":"max-image-preview:large","max-video-preview":"max-video-preview:-1"},"canonical":"https:\/\/dentaladameyespiga.com\/ortodoncia-invisible-adultos-salud-rivas\/","og_locale":"es_ES","og_type":"article","og_title":"Ortodoncia invisible a los 40 en Rivas: 5 beneficios de salud m\u00e1s all\u00e1 de la est\u00e9tica | Adame & Espiga","og_description":"\u00bfPiensas que la ortodoncia es solo para ni\u00f1os? Descubre c\u00f3mo los alineadores invisibles mejoran tu salud, evitan el desgaste y eliminan dolores en Rivas-Vaciamadrid.","og_url":"https:\/\/dentaladameyespiga.com\/ortodoncia-invisible-adultos-salud-rivas\/","og_site_name":"Cl\u00ednica Adame y Espiga","article_publisher":"https:\/\/www.facebook.com\/dentaladameyespiga\/","article_published_time":"2025-11-17T18:34:18+00:00","article_modified_time":"2026-02-18T09:08:49+00:00","og_image":[{"width":1920,"height":1080,"url":"https:\/\/dentaladameyespiga.com\/wp-content\/uploads\/2025\/11\/Ortodoncia-en-adultos-Adame-Espiga.png","type":"image\/png"}],"author":"admin","twitter_card":"summary_large_image","twitter_misc":{"Escrito por":"admin","Tiempo de lectura":"5 minutos"},"schema":{"@context":"https:\/\/schema.org","@graph":[{"@type":"Article","@id":"https:\/\/dentaladameyespiga.com\/ortodoncia-invisible-adultos-salud-rivas\/#article","isPartOf":{"@id":"https:\/\/dentaladameyespiga.com\/ortodoncia-invisible-adultos-salud-rivas\/"},"author":{"name":"admin","@id":"https:\/\/dentaladameyespiga.com\/#\/schema\/person\/c8b98512e2b6dea4ff70980be873271e"},"headline":"No es solo est\u00e9tica: 5 problemas de salud que corriges con la ortodoncia invisible a los 40","datePublished":"2025-11-17T18:34:18+00:00","dateModified":"2026-02-18T09:08:49+00:00","mainEntityOfPage":{"@id":"https:\/\/dentaladameyespiga.com\/ortodoncia-invisible-adultos-salud-rivas\/"},"wordCount":2671,"publisher":{"@id":"https:\/\/dentaladameyespiga.com\/#organization"},"image":{"@id":"https:\/\/dentaladameyespiga.com\/ortodoncia-invisible-adultos-salud-rivas\/#primaryimage"},"thumbnailUrl":"https:\/\/dentaladameyespiga.com\/wp-content\/uploads\/2025\/11\/Ortodoncia-en-adultos-Adame-Espiga.png","articleSection":["Ortodoncia"],"inLanguage":"es"},{"@type":"WebPage","@id":"https:\/\/dentaladameyespiga.com\/ortodoncia-invisible-adultos-salud-rivas\/","url":"https:\/\/dentaladameyespiga.com\/ortodoncia-invisible-adultos-salud-rivas\/","name":"Ortodoncia invisible a los 40 en Rivas: 5 beneficios de salud m\u00e1s all\u00e1 de la est\u00e9tica | Adame & Espiga","isPartOf":{"@id":"https:\/\/dentaladameyespiga.com\/#website"},"primaryImageOfPage":{"@id":"https:\/\/dentaladameyespiga.com\/ortodoncia-invisible-adultos-salud-rivas\/#primaryimage"},"image":{"@id":"https:\/\/dentaladameyespiga.com\/ortodoncia-invisible-adultos-salud-rivas\/#primaryimage"},"thumbnailUrl":"https:\/\/dentaladameyespiga.com\/wp-content\/uploads\/2025\/11\/Ortodoncia-en-adultos-Adame-Espiga.png","datePublished":"2025-11-17T18:34:18+00:00","dateModified":"2026-02-18T09:08:49+00:00","description":"\u00bfPiensas que la ortodoncia es solo para ni\u00f1os? Descubre c\u00f3mo los alineadores invisibles mejoran tu salud, evitan el desgaste y eliminan dolores en Rivas-Vaciamadrid.","breadcrumb":{"@id":"https:\/\/dentaladameyespiga.com\/ortodoncia-invisible-adultos-salud-rivas\/#breadcrumb"},"inLanguage":"es","potentialAction":[{"@type":"ReadAction","target":["https:\/\/dentaladameyespiga.com\/ortodoncia-invisible-adultos-salud-rivas\/"]}]},{"@type":"ImageObject","inLanguage":"es","@id":"https:\/\/dentaladameyespiga.com\/ortodoncia-invisible-adultos-salud-rivas\/#primaryimage","url":"https:\/\/dentaladameyespiga.com\/wp-content\/uploads\/2025\/11\/Ortodoncia-en-adultos-Adame-Espiga.png","contentUrl":"https:\/\/dentaladameyespiga.com\/wp-content\/uploads\/2025\/11\/Ortodoncia-en-adultos-Adame-Espiga.png","width":1920,"height":1080},{"@type":"BreadcrumbList","@id":"https:\/\/dentaladameyespiga.com\/ortodoncia-invisible-adultos-salud-rivas\/#breadcrumb","itemListElement":[{"@type":"ListItem","position":1,"name":"Portada","item":"https:\/\/dentaladameyespiga.com\/"},{"@type":"ListItem","position":2,"name":"No es solo est\u00e9tica: 5 problemas de salud que corriges con la ortodoncia invisible a los 40"}]},{"@type":"WebSite","@id":"https:\/\/dentaladameyespiga.com\/#website","url":"https:\/\/dentaladameyespiga.com\/","name":"Cl\u00ednica Dental Adame y Espiga","description":"Tu Cl\u00ednica Dental en Rivas-Vaciamadrid","publisher":{"@id":"https:\/\/dentaladameyespiga.com\/#organization"},"potentialAction":[{"@type":"SearchAction","target":{"@type":"EntryPoint","urlTemplate":"https:\/\/dentaladameyespiga.com\/?s={search_term_string}"},"query-input":{"@type":"PropertyValueSpecification","valueRequired":true,"valueName":"search_term_string"}}],"inLanguage":"es"},{"@type":"Organization","@id":"https:\/\/dentaladameyespiga.com\/#organization","name":"Cl\u00ednica Dental Adame y Espiga","alternateName":"Dental Adame y Espiga","url":"https:\/\/dentaladameyespiga.com\/","logo":{"@type":"ImageObject","inLanguage":"es","@id":"https:\/\/dentaladameyespiga.com\/#\/schema\/logo\/image\/","url":"https:\/\/dentaladameyespiga.com\/wp-content\/uploads\/2024\/09\/Sin-titulo-500-x-250-px.png","contentUrl":"https:\/\/dentaladameyespiga.com\/wp-content\/uploads\/2024\/09\/Sin-titulo-500-x-250-px.png","width":500,"height":250,"caption":"Cl\u00ednica Dental Adame y Espiga"},"image":{"@id":"https:\/\/dentaladameyespiga.com\/#\/schema\/logo\/image\/"},"sameAs":["https:\/\/www.facebook.com\/dentaladameyespiga\/","https:\/\/www.instagram.com\/dentaladameyespiga\/"]},{"@type":"Person","@id":"https:\/\/dentaladameyespiga.com\/#\/schema\/person\/c8b98512e2b6dea4ff70980be873271e","name":"admin","image":{"@type":"ImageObject","inLanguage":"es","@id":"https:\/\/secure.gravatar.com\/avatar\/1d53d8656844751f3a31de1dd0cf0907279d4db72111ddedeb490f6e0ee3a5a0?s=96&d=mm&r=g","url":"https:\/\/secure.gravatar.com\/avatar\/1d53d8656844751f3a31de1dd0cf0907279d4db72111ddedeb490f6e0ee3a5a0?s=96&d=mm&r=g","contentUrl":"https:\/\/secure.gravatar.com\/avatar\/1d53d8656844751f3a31de1dd0cf0907279d4db72111ddedeb490f6e0ee3a5a0?s=96&d=mm&r=g","caption":"admin"},"sameAs":["https:\/\/dentaladameyespiga.com"]}]}},"_links":{"self":[{"href":"https:\/\/dentaladameyespiga.com\/wp-json\/wp\/v2\/posts\/987513533","targetHints":{"allow":["GET"]}}],"collection":[{"href":"https:\/\/dentaladameyespiga.com\/wp-json\/wp\/v2\/posts"}],"about":[{"href":"https:\/\/dentaladameyespiga.com\/wp-json\/wp\/v2\/types\/post"}],"author":[{"embeddable":true,"href":"https:\/\/dentaladameyespiga.com\/wp-json\/wp\/v2\/users\/1"}],"replies":[{"embeddable":true,"href":"https:\/\/dentaladameyespiga.com\/wp-json\/wp\/v2\/comments?post=987513533"}],"version-history":[{"count":14,"href":"https:\/\/dentaladameyespiga.com\/wp-json\/wp\/v2\/posts\/987513533\/revisions"}],"predecessor-version":[{"id":987513890,"href":"https:\/\/dentaladameyespiga.com\/wp-json\/wp\/v2\/posts\/987513533\/revisions\/987513890"}],"wp:featuredmedia":[{"embeddable":true,"href":"https:\/\/dentaladameyespiga.com\/wp-json\/wp\/v2\/media\/987513548"}],"wp:attachment":[{"href":"https:\/\/dentaladameyespiga.com\/wp-json\/wp\/v2\/media?parent=987513533"}],"wp:term":[{"taxonomy":"category","embeddable":true,"href":"https:\/\/dentaladameyespiga.com\/wp-json\/wp\/v2\/categories?post=987513533"},{"taxonomy":"post_tag","embeddable":true,"href":"https:\/\/dentaladameyespiga.com\/wp-json\/wp\/v2\/tags?post=987513533"}],"curies":[{"name":"wp","href":"https:\/\/api.w.org\/{rel}","templated":true}]}}